{"id":63633,"date":"2021-10-08T23:46:10","date_gmt":"2021-10-09T04:46:10","guid":{"rendered":"http:\/\/diariodigitalmx.com\/?p=63633"},"modified":"2021-10-08T23:47:55","modified_gmt":"2021-10-09T04:47:55","slug":"van-taxistas-de-autentica-croc-de-nl-por-mejor-servicio-de-transporte","status":"publish","type":"post","link":"https:\/\/diariodigitalmx.com\/index.php\/2021\/10\/08\/van-taxistas-de-autentica-croc-de-nl-por-mejor-servicio-de-transporte\/","title":{"rendered":"Van taxistas de aut\u00e9ntica CROC de NL, por mejor servicio de transporte"},"content":{"rendered":"\n<p>*Sostienen reuni\u00f3n con representantes del Congreso Local<\/p>\n\n\n\n<p>*Dan seguimiento a propuestas presentadas ante los diputados <\/p>\n\n\n\n<p>Miembros del Comit\u00e9 Ejecutivo de la Federaci\u00f3n Estatal del Sindicato de Trabajadores del Autotransporte (FESTA) que encabeza Osvaldo Serna Serv\u00edn, se reunieron con la diputada Lorena de la Garza Venecia para presentar sus inquietudes y propuestas en el tema de seguridad y el transporte en general.&nbsp;<\/p>\n\n\n\n<p>A la reuni\u00f3n asistieron los representantes de la CROC, Osvaldo Serna, Secretario del Transporte de la Croc Nuevo Le\u00f3n, Ramiro Vargas, Secretario de Trabajo y Conflictos del Transporte, Ruben Bazaldua, Oficial Mayor y Agustin Serna Cisneros,\u00a0 tambi\u00e9n dirigente sindical croquista.<\/p>\n\n\n\n<figure class=\"wp-block-image size-large\"><img loading=\"lazy\" decoding=\"async\" width=\"940\" height=\"558\" src=\"http:\/\/diariodigitalmx.com\/wp-content\/uploads\/2021\/10\/FB_IMG_16337517645923.jpg\" alt=\"\" class=\"wp-image-63637\" srcset=\"https:\/\/diariodigitalmx.com\/wp-content\/uploads\/2021\/10\/FB_IMG_16337517645923.jpg 940w, https:\/\/diariodigitalmx.com\/wp-content\/uploads\/2021\/10\/FB_IMG_16337517645923-300x178.jpg 300w, https:\/\/diariodigitalmx.com\/wp-content\/uploads\/2021\/10\/FB_IMG_16337517645923-768x456.jpg 768w\" sizes=\"(max-width: 940px) 100vw, 940px\" \/><\/figure>\n\n\n\n<p>En el&nbsp; Congreso del estado los asistentes discutieron diversas propuestas en los temas de multas, aplicaciones y capacitaci\u00f3n para los choferes. Esto para gestionar junto con ellos, ante el gobierno del estado de Nuevo Le\u00f3n, mejores condiciones laborales y seguridad.&nbsp;<\/p>\n\n\n\n<p>Asimismo, los representantes de taxistas compartieron a la legisladora, presidenta de la Comisi\u00f3n del Transporte, que han sido objeto de una persecuci\u00f3n por parte de las autoridades estatales, adem\u00e1s que no han sido resueltas inquietudes y solicitudes que presentaron al antiguo director del instituto de movilidad del gobierno del estado.<\/p>\n\n\n\n<p>La diputada asegur\u00f3 que llevar\u00e1 sus inquietudes y propuestas al nuevo secretario de Movilidad, Hern\u00e1n Villareal.&nbsp;<\/p>\n\n\n\n<p>Adem\u00e1s, inform\u00f3&nbsp; que realizar\u00e1n mesas de trabajo en conjunto con las dem\u00e1s centrales, c\u00e1maras, autoridades y ciudadanos, con la finalidad de tener un mejor transporte p\u00fablico en el estado.&nbsp;<\/p>\n\n\n\n<p>Osvaldo Serna Serv\u00edn, secretario general de la FESTA record\u00f3 que los temas que han propuesto son el rezago de las tarifas del servicio de taxi y transporte urbano.&nbsp;<\/p>\n\n\n\n<p>Tambi\u00e9n les preocupan las multas excesivas y anticonstitucionales, los taxis de barrio y la reinserci\u00f3n a la sociedad de personas con antecedentes penales en delitos no graves, para que puedan obtener su licencia&nbsp; bajo supervisi\u00f3n de personal capacitado y autorizado por el gobierno.&nbsp;<\/p>\n\n\n\n<p>Otros puntos de importancia son el tema del servicio por aplicaciones en taxi, solicitud de piso parejo para todos, y programas de capacitaci\u00f3n en primeros auxilios entre otros.&nbsp;<\/p>\n","protected":false},"excerpt":{"rendered":"<p>*Sostienen reuni\u00f3n con representantes del Congreso Local *Dan seguimiento a propuestas presentadas ante los diputados Miembros del Comit\u00e9 Ejecutivo de la Federaci\u00f3n Estatal del Sindicato de Trabajadores del Autotransporte (FESTA) que encabeza Osvaldo Serna Serv\u00edn, se reunieron con la diputada Lorena de la Garza Venecia para presentar sus inquietudes y propuestas en el tema de [&hellip;]<\/p>\n","protected":false},"author":1,"featured_media":63636,"comment_status":"open","ping_status":"open","sticky":true,"template":"","format":"standard","meta":{"footnotes":""},"categories":[6,3],"tags":[],"_links":{"self":[{"href":"https:\/\/diariodigitalmx.com\/index.php\/wp-json\/wp\/v2\/posts\/63633"}],"collection":[{"href":"https:\/\/diariodigitalmx.com\/index.php\/wp-json\/wp\/v2\/posts"}],"about":[{"href":"https:\/\/diariodigitalmx.com\/index.php\/wp-json\/wp\/v2\/types\/post"}],"author":[{"embeddable":true,"href":"https:\/\/diariodigitalmx.com\/index.php\/wp-json\/wp\/v2\/users\/1"}],"replies":[{"embeddable":true,"href":"https:\/\/diariodigitalmx.com\/index.php\/wp-json\/wp\/v2\/comments?post=63633"}],"version-history":[{"count":3,"href":"https:\/\/diariodigitalmx.com\/index.php\/wp-json\/wp\/v2\/posts\/63633\/revisions"}],"predecessor-version":[{"id":63638,"href":"https:\/\/diariodigitalmx.com\/index.php\/wp-json\/wp\/v2\/posts\/63633\/revisions\/63638"}],"wp:featuredmedia":[{"embeddable":true,"href":"https:\/\/diariodigitalmx.com\/index.php\/wp-json\/wp\/v2\/media\/63636"}],"wp:attachment":[{"href":"https:\/\/diariodigitalmx.com\/index.php\/wp-json\/wp\/v2\/media?parent=63633"}],"wp:term":[{"taxonomy":"category","embeddable":true,"href":"https:\/\/diariodigitalmx.com\/index.php\/wp-json\/wp\/v2\/categories?post=63633"},{"taxonomy":"post_tag","embeddable":true,"href":"https:\/\/diariodigitalmx.com\/index.php\/wp-json\/wp\/v2\/tags?post=63633"}],"curies":[{"name":"wp","href":"https:\/\/api.w.org\/{rel}","templated":true}]}}