{"id":63715,"date":"2021-10-11T07:48:01","date_gmt":"2021-10-11T12:48:01","guid":{"rendered":"http:\/\/diariodigitalmx.com\/?p=63715"},"modified":"2021-10-11T07:54:24","modified_gmt":"2021-10-11T12:54:24","slug":"en-escobedo-padres-de-familia-y-atletas-se-integran-a-rehabilitar-unidades-deportivas","status":"publish","type":"post","link":"https:\/\/diariodigitalmx.com\/index.php\/2021\/10\/11\/en-escobedo-padres-de-familia-y-atletas-se-integran-a-rehabilitar-unidades-deportivas\/","title":{"rendered":"En Escobedo, padres de familia y atletas se integran a rehabilitar unidades deportivas"},"content":{"rendered":"\n<p>Sumando esfuerzos de padres de familia y atletas, el Municipio de Escobedo, inici\u00f3 el mantenimiento y rehabilitaci\u00f3n de la Unidad Deportiva Felipe Carrillo.<\/p>\n\n\n\n<figure class=\"wp-block-image size-large\"><img loading=\"lazy\" decoding=\"async\" width=\"1024\" height=\"683\" src=\"http:\/\/diariodigitalmx.com\/wp-content\/uploads\/2021\/10\/IMG_8308-1024x683.jpg\" alt=\"\" class=\"wp-image-63726\" srcset=\"https:\/\/diariodigitalmx.com\/wp-content\/uploads\/2021\/10\/IMG_8308-1024x683.jpg 1024w, https:\/\/diariodigitalmx.com\/wp-content\/uploads\/2021\/10\/IMG_8308-300x200.jpg 300w, https:\/\/diariodigitalmx.com\/wp-content\/uploads\/2021\/10\/IMG_8308-768x512.jpg 768w, https:\/\/diariodigitalmx.com\/wp-content\/uploads\/2021\/10\/IMG_8308-1536x1024.jpg 1536w, https:\/\/diariodigitalmx.com\/wp-content\/uploads\/2021\/10\/IMG_8308-2048x1365.jpg 2048w\" sizes=\"(max-width: 1024px) 100vw, 1024px\" \/><\/figure>\n\n\n\n<p>Durante este domingo, la comunidad deportiva de las diferentes disciplinas que se imparten en este gimnasio como el taekwondo, artes marciales mixtas, karate, gimnasia art\u00edstica, basquetbol, entre otros; limpiaron y pintaron canchas polivalentes, pistas, ba\u00f1os, gradas e hicieron trazado de \u00e1reas y espacios, adem\u00e1s de labores de deshierbe.&nbsp;&nbsp;&nbsp;&nbsp;<\/p>\n\n\n\n<figure class=\"wp-block-image size-large\"><img loading=\"lazy\" decoding=\"async\" width=\"1024\" height=\"683\" src=\"http:\/\/diariodigitalmx.com\/wp-content\/uploads\/2021\/10\/IMG_8293-2-1024x683.jpg\" alt=\"\" class=\"wp-image-63718\" srcset=\"https:\/\/diariodigitalmx.com\/wp-content\/uploads\/2021\/10\/IMG_8293-2-1024x683.jpg 1024w, https:\/\/diariodigitalmx.com\/wp-content\/uploads\/2021\/10\/IMG_8293-2-300x200.jpg 300w, https:\/\/diariodigitalmx.com\/wp-content\/uploads\/2021\/10\/IMG_8293-2-768x512.jpg 768w, https:\/\/diariodigitalmx.com\/wp-content\/uploads\/2021\/10\/IMG_8293-2-1536x1024.jpg 1536w, https:\/\/diariodigitalmx.com\/wp-content\/uploads\/2021\/10\/IMG_8293-2-2048x1365.jpg 2048w\" sizes=\"(max-width: 1024px) 100vw, 1024px\" \/><\/figure>\n\n\n\n<p>Tras realizar un recorrido por el lugar, el Alcalde Andr\u00e9s Mijes Llovera, se\u00f1al\u00f3 que lo anterior es con el fin de ofrecer una mejor calidad en las instalaciones para que, quienes asisten a practicar un deporte, lo hagan en un espacio digno y potencialicen su talento.<\/p>\n\n\n\n<figure class=\"wp-block-image size-large\"><img loading=\"lazy\" decoding=\"async\" width=\"1024\" height=\"683\" src=\"http:\/\/diariodigitalmx.com\/wp-content\/uploads\/2021\/10\/IMG_8305-2-1024x683.jpg\" alt=\"\" class=\"wp-image-63721\" srcset=\"https:\/\/diariodigitalmx.com\/wp-content\/uploads\/2021\/10\/IMG_8305-2-1024x683.jpg 1024w, https:\/\/diariodigitalmx.com\/wp-content\/uploads\/2021\/10\/IMG_8305-2-300x200.jpg 300w, https:\/\/diariodigitalmx.com\/wp-content\/uploads\/2021\/10\/IMG_8305-2-768x512.jpg 768w, https:\/\/diariodigitalmx.com\/wp-content\/uploads\/2021\/10\/IMG_8305-2-1536x1024.jpg 1536w, https:\/\/diariodigitalmx.com\/wp-content\/uploads\/2021\/10\/IMG_8305-2-2048x1365.jpg 2048w\" sizes=\"(max-width: 1024px) 100vw, 1024px\" \/><\/figure>\n\n\n\n<p>\u201cNosotros partimos de la premisa de que el gobierno municipal necesita la ayuda de la comunidad, esto es un mantenimiento preventivo y vamos a continuar con esta labor en los diferentes espacios deportivos\u201d.<\/p>\n\n\n\n<figure class=\"wp-block-image size-large\"><img loading=\"lazy\" decoding=\"async\" width=\"1024\" height=\"683\" src=\"http:\/\/diariodigitalmx.com\/wp-content\/uploads\/2021\/10\/IMG_8354-1024x683.jpg\" alt=\"\" class=\"wp-image-63724\" srcset=\"https:\/\/diariodigitalmx.com\/wp-content\/uploads\/2021\/10\/IMG_8354-1024x683.jpg 1024w, https:\/\/diariodigitalmx.com\/wp-content\/uploads\/2021\/10\/IMG_8354-300x200.jpg 300w, https:\/\/diariodigitalmx.com\/wp-content\/uploads\/2021\/10\/IMG_8354-768x512.jpg 768w, https:\/\/diariodigitalmx.com\/wp-content\/uploads\/2021\/10\/IMG_8354-1536x1024.jpg 1536w, https:\/\/diariodigitalmx.com\/wp-content\/uploads\/2021\/10\/IMG_8354-2048x1365.jpg 2048w\" sizes=\"(max-width: 1024px) 100vw, 1024px\" \/><\/figure>\n\n\n\n<p>Asimismo, se instalaron abanicos, tatami en el \u00e1rea de combate, extractores y cambio de luminarias.&nbsp;<\/p>\n\n\n\n<p>Mijes Llovera reconoci\u00f3 y agradeci\u00f3 el apoyo de los padres de familia de los deportistas y entrenadores.\u00a0<\/p>\n\n\n\n<figure class=\"wp-block-gallery columns-3 is-cropped wp-block-gallery-1 is-layout-flex wp-block-gallery-is-layout-flex\"><ul class=\"blocks-gallery-grid\"><li class=\"blocks-gallery-item\"><figure><img loading=\"lazy\" decoding=\"async\" width=\"1024\" height=\"683\" src=\"http:\/\/diariodigitalmx.com\/wp-content\/uploads\/2021\/10\/IMG_8358-1024x683.jpg\" alt=\"\" data-id=\"63730\" data-full-url=\"http:\/\/diariodigitalmx.com\/wp-content\/uploads\/2021\/10\/IMG_8358-scaled.jpg\" data-link=\"http:\/\/diariodigitalmx.com\/index.php\/2021\/10\/11\/en-escobedo-padres-de-familia-y-atletas-se-integran-a-rehabilitar-unidades-deportivas\/img_8358\/\" class=\"wp-image-63730\" srcset=\"https:\/\/diariodigitalmx.com\/wp-content\/uploads\/2021\/10\/IMG_8358-1024x683.jpg 1024w, https:\/\/diariodigitalmx.com\/wp-content\/uploads\/2021\/10\/IMG_8358-300x200.jpg 300w, https:\/\/diariodigitalmx.com\/wp-content\/uploads\/2021\/10\/IMG_8358-768x512.jpg 768w, https:\/\/diariodigitalmx.com\/wp-content\/uploads\/2021\/10\/IMG_8358-1536x1024.jpg 1536w, https:\/\/diariodigitalmx.com\/wp-content\/uploads\/2021\/10\/IMG_8358-2048x1365.jpg 2048w\" sizes=\"(max-width: 1024px) 100vw, 1024px\" \/><\/figure><\/li><li class=\"blocks-gallery-item\"><figure><img loading=\"lazy\" decoding=\"async\" width=\"1024\" height=\"683\" src=\"http:\/\/diariodigitalmx.com\/wp-content\/uploads\/2021\/10\/IMG_8298-2-1024x683.jpg\" alt=\"\" data-id=\"63731\" data-full-url=\"http:\/\/diariodigitalmx.com\/wp-content\/uploads\/2021\/10\/IMG_8298-2-scaled.jpg\" data-link=\"http:\/\/diariodigitalmx.com\/index.php\/2021\/10\/11\/en-escobedo-padres-de-familia-y-atletas-se-integran-a-rehabilitar-unidades-deportivas\/img_8298-2\/\" class=\"wp-image-63731\" srcset=\"https:\/\/diariodigitalmx.com\/wp-content\/uploads\/2021\/10\/IMG_8298-2-1024x683.jpg 1024w, https:\/\/diariodigitalmx.com\/wp-content\/uploads\/2021\/10\/IMG_8298-2-300x200.jpg 300w, https:\/\/diariodigitalmx.com\/wp-content\/uploads\/2021\/10\/IMG_8298-2-768x512.jpg 768w, https:\/\/diariodigitalmx.com\/wp-content\/uploads\/2021\/10\/IMG_8298-2-1536x1024.jpg 1536w, https:\/\/diariodigitalmx.com\/wp-content\/uploads\/2021\/10\/IMG_8298-2-2048x1365.jpg 2048w\" sizes=\"(max-width: 1024px) 100vw, 1024px\" \/><\/figure><\/li><li class=\"blocks-gallery-item\"><figure><img loading=\"lazy\" decoding=\"async\" width=\"1024\" height=\"683\" src=\"http:\/\/diariodigitalmx.com\/wp-content\/uploads\/2021\/10\/IMG_8355-1024x683.jpg\" alt=\"\" data-id=\"63732\" data-full-url=\"http:\/\/diariodigitalmx.com\/wp-content\/uploads\/2021\/10\/IMG_8355-scaled.jpg\" data-link=\"http:\/\/diariodigitalmx.com\/index.php\/2021\/10\/11\/en-escobedo-padres-de-familia-y-atletas-se-integran-a-rehabilitar-unidades-deportivas\/img_8355\/\" class=\"wp-image-63732\" srcset=\"https:\/\/diariodigitalmx.com\/wp-content\/uploads\/2021\/10\/IMG_8355-1024x683.jpg 1024w, https:\/\/diariodigitalmx.com\/wp-content\/uploads\/2021\/10\/IMG_8355-300x200.jpg 300w, https:\/\/diariodigitalmx.com\/wp-content\/uploads\/2021\/10\/IMG_8355-768x512.jpg 768w, https:\/\/diariodigitalmx.com\/wp-content\/uploads\/2021\/10\/IMG_8355-1536x1024.jpg 1536w, https:\/\/diariodigitalmx.com\/wp-content\/uploads\/2021\/10\/IMG_8355-2048x1365.jpg 2048w\" sizes=\"(max-width: 1024px) 100vw, 1024px\" \/><\/figure><\/li><li class=\"blocks-gallery-item\"><figure><img loading=\"lazy\" decoding=\"async\" width=\"1024\" height=\"683\" src=\"http:\/\/diariodigitalmx.com\/wp-content\/uploads\/2021\/10\/IMG_8342-1024x683.jpg\" alt=\"\" data-id=\"63733\" data-full-url=\"http:\/\/diariodigitalmx.com\/wp-content\/uploads\/2021\/10\/IMG_8342-scaled.jpg\" data-link=\"http:\/\/diariodigitalmx.com\/index.php\/2021\/10\/11\/en-escobedo-padres-de-familia-y-atletas-se-integran-a-rehabilitar-unidades-deportivas\/img_8342\/\" class=\"wp-image-63733\" srcset=\"https:\/\/diariodigitalmx.com\/wp-content\/uploads\/2021\/10\/IMG_8342-1024x683.jpg 1024w, https:\/\/diariodigitalmx.com\/wp-content\/uploads\/2021\/10\/IMG_8342-300x200.jpg 300w, https:\/\/diariodigitalmx.com\/wp-content\/uploads\/2021\/10\/IMG_8342-768x512.jpg 768w, https:\/\/diariodigitalmx.com\/wp-content\/uploads\/2021\/10\/IMG_8342-1536x1024.jpg 1536w, https:\/\/diariodigitalmx.com\/wp-content\/uploads\/2021\/10\/IMG_8342-2048x1365.jpg 2048w\" sizes=\"(max-width: 1024px) 100vw, 1024px\" \/><\/figure><\/li><\/ul><\/figure>\n\n\n\n<p>\u201cQueremos que los j\u00f3venes tengan actividades productivas y que tengan un desarrollo arm\u00f3nico, espero se sumen muchos m\u00e1s a este proyecto de mantenimiento de la infraestructura deportiva\u201d.&nbsp;&nbsp;<\/p>\n","protected":false},"excerpt":{"rendered":"<p>Sumando esfuerzos de padres de familia y atletas, el Municipio de Escobedo, inici\u00f3 el mantenimiento y rehabilitaci\u00f3n de la Unidad Deportiva Felipe Carrillo. Durante este domingo, la comunidad deportiva de las diferentes disciplinas que se imparten en este gimnasio como el taekwondo, artes marciales mixtas, karate, gimnasia art\u00edstica, basquetbol, entre otros; limpiaron y pintaron canchas [&hellip;]<\/p>\n","protected":false},"author":1,"featured_media":63717,"comment_status":"open","ping_status":"open","sticky":true,"template":"","format":"standard","meta":{"footnotes":""},"categories":[6,5],"tags":[],"_links":{"self":[{"href":"https:\/\/diariodigitalmx.com\/index.php\/wp-json\/wp\/v2\/posts\/63715"}],"collection":[{"href":"https:\/\/diariodigitalmx.com\/index.php\/wp-json\/wp\/v2\/posts"}],"about":[{"href":"https:\/\/diariodigitalmx.com\/index.php\/wp-json\/wp\/v2\/types\/post"}],"author":[{"embeddable":true,"href":"https:\/\/diariodigitalmx.com\/index.php\/wp-json\/wp\/v2\/users\/1"}],"replies":[{"embeddable":true,"href":"https:\/\/diariodigitalmx.com\/index.php\/wp-json\/wp\/v2\/comments?post=63715"}],"version-history":[{"count":6,"href":"https:\/\/diariodigitalmx.com\/index.php\/wp-json\/wp\/v2\/posts\/63715\/revisions"}],"predecessor-version":[{"id":63734,"href":"https:\/\/diariodigitalmx.com\/index.php\/wp-json\/wp\/v2\/posts\/63715\/revisions\/63734"}],"wp:featuredmedia":[{"embeddable":true,"href":"https:\/\/diariodigitalmx.com\/index.php\/wp-json\/wp\/v2\/media\/63717"}],"wp:attachment":[{"href":"https:\/\/diariodigitalmx.com\/index.php\/wp-json\/wp\/v2\/media?parent=63715"}],"wp:term":[{"taxonomy":"category","embeddable":true,"href":"https:\/\/diariodigitalmx.com\/index.php\/wp-json\/wp\/v2\/categories?post=63715"},{"taxonomy":"post_tag","embeddable":true,"href":"https:\/\/diariodigitalmx.com\/index.php\/wp-json\/wp\/v2\/tags?post=63715"}],"curies":[{"name":"wp","href":"https:\/\/api.w.org\/{rel}","templated":true}]}}