{"id":63745,"date":"2021-10-11T16:36:14","date_gmt":"2021-10-11T21:36:14","guid":{"rendered":"http:\/\/diariodigitalmx.com\/?p=63745"},"modified":"2021-10-11T16:37:28","modified_gmt":"2021-10-11T21:37:28","slug":"reviven-al-pt-en-el-congreso-de-nl-diputada-va-de-morena-a-formar-bancada-peteista","status":"publish","type":"post","link":"https:\/\/diariodigitalmx.com\/index.php\/2021\/10\/11\/reviven-al-pt-en-el-congreso-de-nl-diputada-va-de-morena-a-formar-bancada-peteista\/","title":{"rendered":"Reviven al PT en el Congreso de NL; diputada va de Morena a formar bancada peteista"},"content":{"rendered":"\n<p>*Deja con dos diputados a Morena <\/p>\n\n\n\n<p>Walter Elizondo&nbsp;<\/p>\n\n\n\n<p>Monterrey &#8211; La bancada local de Morena se qued\u00f3 con dos legisladores, luego de que la diputada Anyl\u00fa Bendici\u00f3n Hern\u00e1ndez ha creado el grupo parlamentario del Partido del Trabajo.<\/p>\n\n\n\n<p>Lo caracter\u00edstico de este movimiento es que el Congreso de Nuevo Le\u00f3n aprob\u00f3 este nuevo grupo, pese a que el Partido del Trabajo no obtuvo diputado alguno en el proceso electoral reciente al no obtener el tres por ciento de la votaci\u00f3n.&nbsp;<\/p>\n\n\n\n<p>Otro signo caracter\u00edstico es que Anyl\u00fa Bendici\u00f3n Hern\u00e1ndez lleg\u00f3 a la curul bajo las siglas de Nueva Alianza aunque militaba en Morena, pero ahora pasa al Partido del Trabajo.&nbsp;<\/p>\n\n\n\n<p>&#8220;Esta presidenta declara legalmente constituido el grupo legislativo del PT siendo su coordinadora la ciudadana Diputada Anyl\u00fa Bendici\u00f3n Hern\u00e1ndez Sep\u00falveda&#8221;, dictamin\u00f3 la presidenta de la Mesa Directiva, Ivonne \u00c1lvarez.<\/p>\n\n\n\n<p>La legisladora estuvo dos semanas como coordinadora de la bancada de Morena al inicio de la Legislatura, pero sus compa\u00f1eros J\u00e9ssica Elodia Mart\u00ednez y Waldo Fern\u00e1ndez, le revocaron el cargo y colocaron a Mart\u00ednez en la coordinaci\u00f3n.&nbsp;<\/p>\n\n\n\n<p>La solicitud de la diputada&nbsp; Hern\u00e1ndez fue aprobada por la Mesa Directiva del Congreso del Estado durante la lectura de asuntos en cartera.<\/p>\n\n\n\n<p>&#8220;Escrito signado por la Diputada Anyl\u00fa Bendici\u00f3n Hern\u00e1ndez Sep\u00falveda integrante de la Septuag\u00e9sima Sexta Legislatura mediante el cual presenta su decisi\u00f3n a dejar de formar parte del grupo legislativo Movimiento de Regeneraci\u00f3n Nacional y a su vez acude a manifestar su voluntad de conformar el grupo legislativo del Partido del Trabajo&#8221;, se dijo en la lectura.&nbsp;<\/p>\n\n\n\n<p>En los \u00faltimos 15 a\u00f1os el Partido del Trabajo hab\u00eda tenido diputados locales, pero en la pasada elecci\u00f3n no logr\u00f3 un triunfo, sin embargo, hoy tiene ya una bancada.&nbsp;<\/p>\n","protected":false},"excerpt":{"rendered":"<p>*Deja con dos diputados a Morena Walter Elizondo&nbsp; Monterrey &#8211; La bancada local de Morena se qued\u00f3 con dos legisladores, luego de que la diputada Anyl\u00fa Bendici\u00f3n Hern\u00e1ndez ha creado el grupo parlamentario del Partido del Trabajo. Lo caracter\u00edstico de este movimiento es que el Congreso de Nuevo Le\u00f3n aprob\u00f3 este nuevo grupo, pese a [&hellip;]<\/p>\n","protected":false},"author":1,"featured_media":63748,"comment_status":"open","ping_status":"open","sticky":true,"template":"","format":"standard","meta":{"footnotes":""},"categories":[6,3],"tags":[],"_links":{"self":[{"href":"https:\/\/diariodigitalmx.com\/index.php\/wp-json\/wp\/v2\/posts\/63745"}],"collection":[{"href":"https:\/\/diariodigitalmx.com\/index.php\/wp-json\/wp\/v2\/posts"}],"about":[{"href":"https:\/\/diariodigitalmx.com\/index.php\/wp-json\/wp\/v2\/types\/post"}],"author":[{"embeddable":true,"href":"https:\/\/diariodigitalmx.com\/index.php\/wp-json\/wp\/v2\/users\/1"}],"replies":[{"embeddable":true,"href":"https:\/\/diariodigitalmx.com\/index.php\/wp-json\/wp\/v2\/comments?post=63745"}],"version-history":[{"count":2,"href":"https:\/\/diariodigitalmx.com\/index.php\/wp-json\/wp\/v2\/posts\/63745\/revisions"}],"predecessor-version":[{"id":63747,"href":"https:\/\/diariodigitalmx.com\/index.php\/wp-json\/wp\/v2\/posts\/63745\/revisions\/63747"}],"wp:featuredmedia":[{"embeddable":true,"href":"https:\/\/diariodigitalmx.com\/index.php\/wp-json\/wp\/v2\/media\/63748"}],"wp:attachment":[{"href":"https:\/\/diariodigitalmx.com\/index.php\/wp-json\/wp\/v2\/media?parent=63745"}],"wp:term":[{"taxonomy":"category","embeddable":true,"href":"https:\/\/diariodigitalmx.com\/index.php\/wp-json\/wp\/v2\/categories?post=63745"},{"taxonomy":"post_tag","embeddable":true,"href":"https:\/\/diariodigitalmx.com\/index.php\/wp-json\/wp\/v2\/tags?post=63745"}],"curies":[{"name":"wp","href":"https:\/\/api.w.org\/{rel}","templated":true}]}}