{"id":63808,"date":"2021-10-12T07:23:55","date_gmt":"2021-10-12T12:23:55","guid":{"rendered":"http:\/\/diariodigitalmx.com\/?p=63808"},"modified":"2021-10-12T07:26:02","modified_gmt":"2021-10-12T12:26:02","slug":"de-frente-y-de-perfil-7","status":"publish","type":"post","link":"https:\/\/diariodigitalmx.com\/index.php\/2021\/10\/12\/de-frente-y-de-perfil-7\/","title":{"rendered":"De frente y de perfil"},"content":{"rendered":"\n<p>Ram\u00f3n Zurita Sahag\u00fan <\/p>\n\n\n\n<p>\u00bfVendr\u00e1 Jaime Bonilla al gabinete? <br><\/p>\n\n\n\n<p>Jaime Bonilla es el cuarto mandatario estatal mejor evaluado por sus propios gobernados y el primero de los gobernadores emanados de MORENA que termina una gesti\u00f3n estatal.&nbsp;<\/p>\n\n\n\n<p>Su buena gesti\u00f3n repercuti\u00f3 fuertemente en el triunfo de la candidata del Movimiento de Regeneraci\u00f3n Nacional, Marina del Pilar \u00c1vila, que result\u00f3 victoriosa con cerca del 50 por ciento de los sufragios.&nbsp;<\/p>\n\n\n\n<p>El 31 de octubre termina su mandato Bonilla, corto en realidad, aunque pudo sacar adelante la mayor parte de los 100 puntos que comprendi\u00f3 su programa de gobierno. El Presidente L\u00f3pez Obrador podr\u00e1 constatar eso, cuando realice un recorrido de tres d\u00edas por la parte norte de la pen\u00ednsula de Baja California, ocasi\u00f3n que aprovechar\u00e1 Jaime Bonilla para rendir su segundo informe de gobierno en cinco de los seis municipios con que cuenta la entidad.&nbsp;<\/p>\n\n\n\n<p>Se trata de min informes donde presentar\u00e1 los avances logrados durante los 24 meses de su mandato, siendo el primer gobernador no panista de los \u00faltimos 32 a\u00f1os.&nbsp;<\/p>\n\n\n\n<p>La gesti\u00f3n de Bonilla es ampliamente reconocida por sectores del estado, aunque tambi\u00e9n hay quienes muestran molestia por algunas decisiones de gobierno como son el cobro real del agua, el que varios empresarios prefer\u00edan cubrir mediante el cohecho y las mordidas.&nbsp;<\/p>\n\n\n\n<p>Eso y la expropiaci\u00f3n del Club Campestre enardeci\u00f3 a los \u201cfif\u00eds\u201d que no han dejado de cuestionarlo, aunque las razones que esgrimi\u00f3 el gobernante le dan la raz\u00f3n a \u00e9l, por tratarse de terrenos gubernamentales usufructuados por particulares.&nbsp;<\/p>\n\n\n\n<p>Los problemas no han sido ajenos a la corta gesti\u00f3n de Bonilla, y en el esfuerzo se tuvo que rodear de un buen equipo de trabajo, destacando la funci\u00f3n de Amador Rodr\u00edguez Lozano, en la secretar\u00eda de Gobierno, un abogado capaz y conocedor del entorno y las leyes, por tratarse de un Constitucionalista.&nbsp;<\/p>\n\n\n\n<p>Como en el caso de otros gobernantes que dejaron buen sabor de boca entre sus ciudadanos, el nombre de Jaime Bonilla es mencionado con mucha insistencia para incorporarlo al gabinete presidencial, aunque no se ha dicho la \u00faltima palabra y esa puede ser pronunciada durante los tres d\u00edas de recorrido por el estado con el Ejecutivo federal.&nbsp;<\/p>\n\n\n\n<p>En la secretar\u00eda de Comunicaciones tienen todo listo para un eventual relevo de Jorge Arganiz D\u00edaz, donde podr\u00eda encajar el hoy gobernador de Baja California, aunque no se descartan otras dependencias como Bienestar, en la que se dice que Javier May dejar\u00eda el espacio para regresar al Senado o, incluso, para presidir el Movimiento de Regeneraci\u00f3n Nacional, por los m\u00faltiples problemas que tiene el actual dirigente nacional Mario Delgado.&nbsp;<\/p>\n\n\n\n<p>Por lo pronto los bajacalifornianos se alistan para el cambio de gobierno que se producir\u00e1 al primer minuto del 1 de noviembre y tendr\u00e1n por vez primera a una mujer gobernante.&nbsp;<\/p>\n\n\n\n<p>Marina del Pilar \u00c1vila, adem\u00e1s de ser la primera mujer gobernante, ser\u00e1 tambi\u00e9n la primera en funciones que dar\u00e1 paso a la maternidad, ya que en dos o tres meses ser\u00e1 madre nuevamente.&nbsp;<\/p>\n\n\n\n<p>La maternidad es algo in\u00e9dito en situaci\u00f3n de una gobernadora, por lo que ser\u00e1 una nueva experiencia para la pol\u00edtica y los ciudadanos de la parte norte de la pen\u00ednsula.&nbsp;<\/p>\n\n\n\n<p>\u2026\u2026\u2026\u2026\u2026\u2026\u2026.&nbsp;<\/p>\n\n\n\n<p>Activo se encuentra el Embajador de Estados Unidos en M\u00e9xico, Ken Salazar, a quien le toc\u00f3 recorrido por el Senado de la Rep\u00fablica. Por cierto, que el secretario de Relaciones Exteriores tambi\u00e9n acudi\u00f3 a la llamada C\u00e1mara Alta a una reuni\u00f3n con la junta de coordinaci\u00f3n pol\u00edtica, para explicar los detalles de alto nivel de seguridad entre M\u00e9xico y estados Unidos, realizado el pasado viernes. Hay malpensados que consideran que de tantas y tan seguidas ocasiones en que se re\u00fanen Marcelo y Ricardo Monreal, pronto surgir\u00e1n otras noticias\u2026Sin resolverse todav\u00eda la situaci\u00f3n de Genaro Garc\u00eda Luna en una Corte de Nueva York, ya que la audiencia fue aplazada para otra fecha, por cierto que Genaro se encuentra detenido en una c\u00e1rcel del vecino pa\u00eds del norte, mientras que Emilio Lozoya con todo y su brazalete aprovecha para acudir a sitios concurridos, a lucirse y dejar ver la impunidad de que goza, en funci\u00f3n de ser un testigo protegido del gobierno mexicano.&nbsp;<\/p>\n\n\n\n<p>&nbsp;Email: ramonzurita44@hotmail.com<\/p>\n","protected":false},"excerpt":{"rendered":"<p>Ram\u00f3n Zurita Sahag\u00fan \u00bfVendr\u00e1 Jaime Bonilla al gabinete? Jaime Bonilla es el cuarto mandatario estatal mejor evaluado por sus propios gobernados y el primero de los gobernadores emanados de MORENA que termina una gesti\u00f3n estatal.&nbsp; Su buena gesti\u00f3n repercuti\u00f3 fuertemente en el triunfo de la candidata del Movimiento de Regeneraci\u00f3n Nacional, Marina del Pilar \u00c1vila, [&hellip;]<\/p>\n","protected":false},"author":1,"featured_media":63811,"comment_status":"open","ping_status":"open","sticky":true,"template":"","format":"standard","meta":{"footnotes":""},"categories":[14,12],"tags":[],"_links":{"self":[{"href":"https:\/\/diariodigitalmx.com\/index.php\/wp-json\/wp\/v2\/posts\/63808"}],"collection":[{"href":"https:\/\/diariodigitalmx.com\/index.php\/wp-json\/wp\/v2\/posts"}],"about":[{"href":"https:\/\/diariodigitalmx.com\/index.php\/wp-json\/wp\/v2\/types\/post"}],"author":[{"embeddable":true,"href":"https:\/\/diariodigitalmx.com\/index.php\/wp-json\/wp\/v2\/users\/1"}],"replies":[{"embeddable":true,"href":"https:\/\/diariodigitalmx.com\/index.php\/wp-json\/wp\/v2\/comments?post=63808"}],"version-history":[{"count":3,"href":"https:\/\/diariodigitalmx.com\/index.php\/wp-json\/wp\/v2\/posts\/63808\/revisions"}],"predecessor-version":[{"id":63812,"href":"https:\/\/diariodigitalmx.com\/index.php\/wp-json\/wp\/v2\/posts\/63808\/revisions\/63812"}],"wp:featuredmedia":[{"embeddable":true,"href":"https:\/\/diariodigitalmx.com\/index.php\/wp-json\/wp\/v2\/media\/63811"}],"wp:attachment":[{"href":"https:\/\/diariodigitalmx.com\/index.php\/wp-json\/wp\/v2\/media?parent=63808"}],"wp:term":[{"taxonomy":"category","embeddable":true,"href":"https:\/\/diariodigitalmx.com\/index.php\/wp-json\/wp\/v2\/categories?post=63808"},{"taxonomy":"post_tag","embeddable":true,"href":"https:\/\/diariodigitalmx.com\/index.php\/wp-json\/wp\/v2\/tags?post=63808"}],"curies":[{"name":"wp","href":"https:\/\/api.w.org\/{rel}","templated":true}]}}