{"id":63835,"date":"2021-10-12T16:53:59","date_gmt":"2021-10-12T21:53:59","guid":{"rendered":"http:\/\/diariodigitalmx.com\/?p=63835"},"modified":"2021-10-12T16:55:14","modified_gmt":"2021-10-12T21:55:14","slug":"analizaran-efectos-de-la-pandemia-en-el-desarrollo-infantil","status":"publish","type":"post","link":"https:\/\/diariodigitalmx.com\/index.php\/2021\/10\/12\/analizaran-efectos-de-la-pandemia-en-el-desarrollo-infantil\/","title":{"rendered":"Analizar\u00e1n efectos de la pandemia en el desarrollo infantil"},"content":{"rendered":"\n<p>Especialistas en educaci\u00f3n temprana de 31 pa\u00edses analizar\u00e1n los efectos de la pandemia en el desarrollo social y emocional de la ni\u00f1ez en el 21\u00b0 Encuentro Internacional de Educaci\u00f3n Inicial y Preescolar, a realizarse en l\u00ednea virtual del 14 al 16 de octubre.<\/p>\n\n\n\n<p>El Encuentro ser\u00e1 inaugurado por el gobernador Samuel Garc\u00eda Sep\u00falveda este jueves 14 de octubre y su esposa Mariana Rodr\u00edguez Cant\u00fa, titular de la Oficina AMAR a Nuevo Le\u00f3n, brindar\u00e1 un mensaje de bienvenida a m\u00e1s de tres mil participantes.<\/p>\n\n\n\n<p>La presidenta del Comit\u00e9 Cient\u00edfico del Encuentro, Mar\u00eda Guadalupe Rodr\u00edguez Mart\u00ednez, inform\u00f3 que el evento es organizado y convocado por los Centros de Desarrollo Infantil (los CENDI) del Frente Popular \u2018Tierra y Libertad\u2019.<\/p>\n\n\n\n<p>Este a\u00f1o, el tema central del Encuentro ser\u00e1 \u201cLos entornos protectores, saludables y amigables para garantizar el desarrollo integral de la primera infancia en tiempos de pandemia\u201d, donde adem\u00e1s participar\u00e1n educadoras de los 32 estados de la Rep\u00fablica.<\/p>\n\n\n\n<figure class=\"wp-block-image size-large\"><img loading=\"lazy\" decoding=\"async\" width=\"785\" height=\"1024\" src=\"http:\/\/diariodigitalmx.com\/wp-content\/uploads\/2021\/10\/IMG-20211012-WA0007-785x1024.jpg\" alt=\"\" class=\"wp-image-63838\" srcset=\"https:\/\/diariodigitalmx.com\/wp-content\/uploads\/2021\/10\/IMG-20211012-WA0007-785x1024.jpg 785w, https:\/\/diariodigitalmx.com\/wp-content\/uploads\/2021\/10\/IMG-20211012-WA0007-230x300.jpg 230w, https:\/\/diariodigitalmx.com\/wp-content\/uploads\/2021\/10\/IMG-20211012-WA0007-768x1002.jpg 768w, https:\/\/diariodigitalmx.com\/wp-content\/uploads\/2021\/10\/IMG-20211012-WA0007.jpg 950w\" sizes=\"(max-width: 785px) 100vw, 785px\" \/><\/figure>\n\n\n\n<p>\u201cComo en los \u00faltimos 20 a\u00f1os volveremos a encontrarnos, pero ahora para analizar, reflexionar, intercambiar conocimientos, experiencias y aprendizajes que nos ha dejado la crisis mundial sanitaria\u201d, coment\u00f3.<\/p>\n\n\n\n<p>Agreg\u00f3 que durante los tres d\u00edas de encuentro virtual, los investigadores, cient\u00edficos, acad\u00e9micos, funcionarios, legisladores, agentes sociales, profesionales de la salud y educadoras participantes enfatizar\u00e1n sobre los siguiente los ejes tem\u00e1ticos:<\/p>\n\n\n\n<p>1.- Efectos de la pandemia en el desarrollo social y emocional y su consecuencia en los aprendizajes.<br>2.- Entornos de la ni\u00f1ez en el contexto de la familia, la comunidad y el aula virtual.<br>3.- Aportes de la neurociencia en el dise\u00f1o curricular frente al retorno a las aulas.<br>4.- Ambientes virtuales para el aprendizaje temprano: el papel de las tecnolog\u00edas.<\/p>\n\n\n\n<p>Rodr\u00edguez Mart\u00ednez dio a conocer que el Gobierno del Estado de Nuevo Le\u00f3n, la Secretar\u00eda de Educaci\u00f3n del Estado y el Sistema Integral para el Desarrollo de la Familia (DIF-NL) participan como convocantes del Encuentro, el cual forma parte de las actividades del Festival Internacional \u201cSanta Luc\u00eda\u201d.<\/p>\n\n\n\n<p>La Red Hemisf\u00e9rica de Parlamentarios y Exparlamentarios por la Primera Infancia participa en la organizaci\u00f3n del Encuentro junto con los CENDI y cuenta con el auspicio de doce organismos internacionales, as\u00ed como de nueve universidades extranjeras y nacionales y de otras instituciones promotoras de la atenci\u00f3n a la primera infancia.<\/p>\n","protected":false},"excerpt":{"rendered":"<p>Especialistas en educaci\u00f3n temprana de 31 pa\u00edses analizar\u00e1n los efectos de la pandemia en el desarrollo social y emocional de la ni\u00f1ez en el 21\u00b0 Encuentro Internacional de Educaci\u00f3n Inicial y Preescolar, a realizarse en l\u00ednea virtual del 14 al 16 de octubre. El Encuentro ser\u00e1 inaugurado por el gobernador Samuel Garc\u00eda Sep\u00falveda este jueves [&hellip;]<\/p>\n","protected":false},"author":1,"featured_media":63837,"comment_status":"open","ping_status":"open","sticky":true,"template":"","format":"standard","meta":{"footnotes":""},"categories":[6,5],"tags":[],"_links":{"self":[{"href":"https:\/\/diariodigitalmx.com\/index.php\/wp-json\/wp\/v2\/posts\/63835"}],"collection":[{"href":"https:\/\/diariodigitalmx.com\/index.php\/wp-json\/wp\/v2\/posts"}],"about":[{"href":"https:\/\/diariodigitalmx.com\/index.php\/wp-json\/wp\/v2\/types\/post"}],"author":[{"embeddable":true,"href":"https:\/\/diariodigitalmx.com\/index.php\/wp-json\/wp\/v2\/users\/1"}],"replies":[{"embeddable":true,"href":"https:\/\/diariodigitalmx.com\/index.php\/wp-json\/wp\/v2\/comments?post=63835"}],"version-history":[{"count":2,"href":"https:\/\/diariodigitalmx.com\/index.php\/wp-json\/wp\/v2\/posts\/63835\/revisions"}],"predecessor-version":[{"id":63839,"href":"https:\/\/diariodigitalmx.com\/index.php\/wp-json\/wp\/v2\/posts\/63835\/revisions\/63839"}],"wp:featuredmedia":[{"embeddable":true,"href":"https:\/\/diariodigitalmx.com\/index.php\/wp-json\/wp\/v2\/media\/63837"}],"wp:attachment":[{"href":"https:\/\/diariodigitalmx.com\/index.php\/wp-json\/wp\/v2\/media?parent=63835"}],"wp:term":[{"taxonomy":"category","embeddable":true,"href":"https:\/\/diariodigitalmx.com\/index.php\/wp-json\/wp\/v2\/categories?post=63835"},{"taxonomy":"post_tag","embeddable":true,"href":"https:\/\/diariodigitalmx.com\/index.php\/wp-json\/wp\/v2\/tags?post=63835"}],"curies":[{"name":"wp","href":"https:\/\/api.w.org\/{rel}","templated":true}]}}