{"id":63853,"date":"2021-10-12T21:51:54","date_gmt":"2021-10-13T02:51:54","guid":{"rendered":"http:\/\/diariodigitalmx.com\/?p=63853"},"modified":"2021-10-12T21:57:32","modified_gmt":"2021-10-13T02:57:32","slug":"63853","status":"publish","type":"post","link":"https:\/\/diariodigitalmx.com\/index.php\/2021\/10\/12\/63853\/","title":{"rendered":"Otra vez golpea a Gomita su pap\u00e1; ella lo denuncia"},"content":{"rendered":"\n<figure class=\"wp-block-embed is-type-video is-provider-youtube wp-block-embed-youtube wp-embed-aspect-16-9 wp-has-aspect-ratio\"><div class=\"wp-block-embed__wrapper\">\n<iframe loading=\"lazy\" title=\"Gomita relata agresi\u00f3n por parte de su padre\" width=\"640\" height=\"360\" src=\"https:\/\/www.youtube.com\/embed\/URUV6uuB1kg?feature=oembed\" frameborder=\"0\" allow=\"accelerometer; autoplay; clipboard-write; encrypted-media; gyroscope; picture-in-picture; web-share\" referrerpolicy=\"strict-origin-when-cross-origin\" allowfullscreen><\/iframe>\n<\/div><\/figure>\n\n\n\n<p>La influencer Aracely Ordaz Campos, mejor conocida como Gomita, denunci\u00f3 a su pap\u00e1 ante las autoridades por maltrato f\u00edsico y psicol\u00f3gico.<\/p>\n\n\n\n<p>A trav\u00e9s de sus redes sociales, Gomita public\u00f3 que hab\u00eda puesto la demanda y como resultado de ella, las autoridades le impusieron a su padre una orden de restricci\u00f3n.<\/p>\n\n\n\n<p>\u201cPuedo decir que el se\u00f1or Alfredo Ordaz Barajas tiene una orden de restricci\u00f3n y no puede acercarse a m\u00ed, aunque no se me hace justo que est\u00e9 libre. S\u00e9 que he sido muy fuerte y todo lo call\u00e9, pero ya acab\u00f3 este maltrato tanto f\u00edsico como psicol\u00f3gico\u201d, se lee en la publicaci\u00f3n de la modelo.<\/p>\n\n\n\n<p>En sus mismas historias Gomita public\u00f3 un video con fecha de 3 de septiembre en el que la influencer aparece llorando.<\/p>\n\n\n\n<p>En la grabaci\u00f3n Gomita dijo que su pap\u00e1 la golpe\u00f3 por defender a su mam\u00e1. \u201cMe acaba de pasar algo, no es lo m\u00e1s cule&amp;%$, pero lleva mucho tiempo pasando\u2026 mi pap\u00e1 me volvi\u00f3 a golpear por defender a mi mam\u00e1. Traigo esto hinchado (se\u00f1alando la barbilla) y la quijada me duele. Me dio unos golpes en la cara\u201d, narr\u00f3 entre l\u00e1grimas la influencer.<\/p>\n\n\n\n<p>Gomita dijo que en aquella ocasi\u00f3n su pap\u00e1 le jal\u00f3 el cabello y le arranc\u00f3 las extensiones de cabello, incluso mostr\u00f3 los pedazos de pelo que se le desprendieron.<\/p>\n\n\n\n<p>Gomita se ve\u00eda muy afectada, hasta que le dedic\u00f3 a su progenitor una canci\u00f3n que habla sobre el abuso.&nbsp;<\/p>\n","protected":false},"excerpt":{"rendered":"<p>La influencer Aracely Ordaz Campos, mejor conocida como Gomita, denunci\u00f3 a su pap\u00e1 ante las autoridades por maltrato f\u00edsico y psicol\u00f3gico. A trav\u00e9s de sus redes sociales, Gomita public\u00f3 que hab\u00eda puesto la demanda y como resultado de ella, las autoridades le impusieron a su padre una orden de restricci\u00f3n. \u201cPuedo decir que el se\u00f1or [&hellip;]<\/p>\n","protected":false},"author":1,"featured_media":63856,"comment_status":"open","ping_status":"open","sticky":true,"template":"","format":"standard","meta":{"footnotes":""},"categories":[14,9],"tags":[],"_links":{"self":[{"href":"https:\/\/diariodigitalmx.com\/index.php\/wp-json\/wp\/v2\/posts\/63853"}],"collection":[{"href":"https:\/\/diariodigitalmx.com\/index.php\/wp-json\/wp\/v2\/posts"}],"about":[{"href":"https:\/\/diariodigitalmx.com\/index.php\/wp-json\/wp\/v2\/types\/post"}],"author":[{"embeddable":true,"href":"https:\/\/diariodigitalmx.com\/index.php\/wp-json\/wp\/v2\/users\/1"}],"replies":[{"embeddable":true,"href":"https:\/\/diariodigitalmx.com\/index.php\/wp-json\/wp\/v2\/comments?post=63853"}],"version-history":[{"count":2,"href":"https:\/\/diariodigitalmx.com\/index.php\/wp-json\/wp\/v2\/posts\/63853\/revisions"}],"predecessor-version":[{"id":63855,"href":"https:\/\/diariodigitalmx.com\/index.php\/wp-json\/wp\/v2\/posts\/63853\/revisions\/63855"}],"wp:featuredmedia":[{"embeddable":true,"href":"https:\/\/diariodigitalmx.com\/index.php\/wp-json\/wp\/v2\/media\/63856"}],"wp:attachment":[{"href":"https:\/\/diariodigitalmx.com\/index.php\/wp-json\/wp\/v2\/media?parent=63853"}],"wp:term":[{"taxonomy":"category","embeddable":true,"href":"https:\/\/diariodigitalmx.com\/index.php\/wp-json\/wp\/v2\/categories?post=63853"},{"taxonomy":"post_tag","embeddable":true,"href":"https:\/\/diariodigitalmx.com\/index.php\/wp-json\/wp\/v2\/tags?post=63853"}],"curies":[{"name":"wp","href":"https:\/\/api.w.org\/{rel}","templated":true}]}}