{"id":63857,"date":"2021-10-12T22:00:09","date_gmt":"2021-10-13T03:00:09","guid":{"rendered":"http:\/\/diariodigitalmx.com\/?p=63857"},"modified":"2021-10-12T22:01:11","modified_gmt":"2021-10-13T03:01:11","slug":"corre-luis-donaldo-a-100-policias-y-agentes-de-transito-de-monterrey","status":"publish","type":"post","link":"https:\/\/diariodigitalmx.com\/index.php\/2021\/10\/12\/corre-luis-donaldo-a-100-policias-y-agentes-de-transito-de-monterrey\/","title":{"rendered":"Corre Luis Donaldo a 100 polic\u00edas y agentes de tr\u00e1nsito de Monterrey"},"content":{"rendered":"\n<p>Walter Elizondo&nbsp;<\/p>\n\n\n\n<p>Monterrey &#8211; Por no haber acreditado las pruebas de control y confianza, 100 elementos de la Secretar\u00eda de Seguridad P\u00fablica Municipal ser\u00e1n dados de baja de la corporaci\u00f3n, anunci\u00f3 el Alcalde, Luis Donaldo Colosio.<\/p>\n\n\n\n<p>&#8220;Se nos hizo saber desde la Administraci\u00f3n anterior, se solicit\u00f3 que se finiquitara a estos elementos porque no pueden pertenecer a la corporaci\u00f3n, no se hizo entonces son bajas que se tendr\u00e1n que hacer&#8221;, indic\u00f3.<\/p>\n\n\n\n<p>Se trata de elementos de polic\u00eda y de tr\u00e1nsito de Monterrey, cuyos despidos fueron ordenados por el Secretariado Ejecutivo de Seguridad P\u00fablica federal&nbsp;<\/p>\n\n\n\n<p>El edil instal\u00f3 el nuevo Consejo T\u00e9cnico Empresarial de la Secretar\u00eda de Seguridad P\u00fablica, y anunci\u00f3 que realizar\u00e1n una reestructura de la Polic\u00eda Regia.<\/p>\n\n\n\n<p>El nuevo Consejo se encargar\u00e1 de establecer un nuevo programa de reclutamiento, el cual implicar\u00e1 nuevos filtros de control y confianza.<\/p>\n\n\n\n<p>&#8220;Le he pedido a este Consejo que nos ayude a transitar de forma r\u00e1pida y ordenada de un modelo de polic\u00eda reactiva a un modelo de proximidad y preventiva&#8221;, se\u00f1al\u00f3 Colosio.<\/p>\n\n\n\n<p>Las principales tareas del Consejo ser\u00e1n revisar los perfiles de los candidatos para la academia de polic\u00eda, fortalecer el programa de entrenamiento, mejorar los m\u00e9todos de evaluaci\u00f3n de competencias a desarrollar, as\u00ed como consolidad todos los criterios de la nueva carrera policial, y ser\u00e1 coordinado por Carlos J\u00e1uregui, quien fue el primer Secretario de Seguridad en el sexenio de Rodrigo Medina.&nbsp;<\/p>\n","protected":false},"excerpt":{"rendered":"<p>Walter Elizondo&nbsp; Monterrey &#8211; Por no haber acreditado las pruebas de control y confianza, 100 elementos de la Secretar\u00eda de Seguridad P\u00fablica Municipal ser\u00e1n dados de baja de la corporaci\u00f3n, anunci\u00f3 el Alcalde, Luis Donaldo Colosio. &#8220;Se nos hizo saber desde la Administraci\u00f3n anterior, se solicit\u00f3 que se finiquitara a estos elementos porque no pueden [&hellip;]<\/p>\n","protected":false},"author":1,"featured_media":63860,"comment_status":"open","ping_status":"open","sticky":true,"template":"","format":"standard","meta":{"footnotes":""},"categories":[6,3],"tags":[],"_links":{"self":[{"href":"https:\/\/diariodigitalmx.com\/index.php\/wp-json\/wp\/v2\/posts\/63857"}],"collection":[{"href":"https:\/\/diariodigitalmx.com\/index.php\/wp-json\/wp\/v2\/posts"}],"about":[{"href":"https:\/\/diariodigitalmx.com\/index.php\/wp-json\/wp\/v2\/types\/post"}],"author":[{"embeddable":true,"href":"https:\/\/diariodigitalmx.com\/index.php\/wp-json\/wp\/v2\/users\/1"}],"replies":[{"embeddable":true,"href":"https:\/\/diariodigitalmx.com\/index.php\/wp-json\/wp\/v2\/comments?post=63857"}],"version-history":[{"count":3,"href":"https:\/\/diariodigitalmx.com\/index.php\/wp-json\/wp\/v2\/posts\/63857\/revisions"}],"predecessor-version":[{"id":63861,"href":"https:\/\/diariodigitalmx.com\/index.php\/wp-json\/wp\/v2\/posts\/63857\/revisions\/63861"}],"wp:featuredmedia":[{"embeddable":true,"href":"https:\/\/diariodigitalmx.com\/index.php\/wp-json\/wp\/v2\/media\/63860"}],"wp:attachment":[{"href":"https:\/\/diariodigitalmx.com\/index.php\/wp-json\/wp\/v2\/media?parent=63857"}],"wp:term":[{"taxonomy":"category","embeddable":true,"href":"https:\/\/diariodigitalmx.com\/index.php\/wp-json\/wp\/v2\/categories?post=63857"},{"taxonomy":"post_tag","embeddable":true,"href":"https:\/\/diariodigitalmx.com\/index.php\/wp-json\/wp\/v2\/tags?post=63857"}],"curies":[{"name":"wp","href":"https:\/\/api.w.org\/{rel}","templated":true}]}}