{"id":6392,"date":"2019-06-23T20:12:10","date_gmt":"2019-06-24T01:12:10","guid":{"rendered":"http:\/\/diariodigitalmx.com\/?p=6392"},"modified":"2019-10-18T18:10:26","modified_gmt":"2019-10-18T23:10:26","slug":"el-padre-chema-y-los-memes-no-enojarse-recomienda-el-arzobispo-de-monterrey","status":"publish","type":"post","link":"https:\/\/diariodigitalmx.com\/index.php\/2019\/06\/23\/el-padre-chema-y-los-memes-no-enojarse-recomienda-el-arzobispo-de-monterrey\/","title":{"rendered":"El padre Chema y los memes; no enojarse, recomienda el Arzobispo de Monterrey"},"content":{"rendered":"\n<p>Un sacerdote activista social se quej\u00f3 de los memes con el arzobispo de Monterrey quien le pidi\u00f3 no enojarse, se acepten y no se rompa la comuni\u00f3n. &nbsp;<\/p>\n\n\n\n<p>El presidente del Episcopado Mexicano y arzobispo de Monterrey, Rogelio Cabrera acepta los memes y solicit\u00f3 al sacerdote Jos\u00e9 Manuel Guerrero Noyola no enojarse por los memes creados en redes sociales hacia su persona, tras de que el prelado se quejara de la cr\u00edtica hacia \u00e9l por parte de otros sacerdotes.<br><\/p>\n\n\n\n<p>&#8220;El padre Chema&#8221; como es conocido hab\u00eda denunciado en sus redes sociales la cr\u00edtica de otros curas por la labor de activismo que realiza en pro del medio ambiente.<br><\/p>\n\n\n\n<p>&#8220;MEMES OFENSIVOS. Se\u00f1or Arzobispo de Monterrey, hermanos sacerdotes est\u00e1n descalificando y burlandose de la tarea pastoral que Usted me encomend\u00f3 a favor del medio ambiente, por medio de muchos memes que continuamente suben a las redes sociales. No entiendo porque lo hacen, pero esto lastima mi buena fama. Por eso, le ruego que por medio del di\u00e1logo podamos encontrarnos con ellos y conversar sobre este da\u00f1o a mi persona. Soy el Padre Guerrero y sigo comprometido en la construcci\u00f3n del Reino&#8221;, escribi\u00f3 el sacerdote en su cuenta de Facebook.<br><\/p>\n\n\n\n<p>El arzobispo coment\u00f3 aqu\u00ed que hablara con el sacerdote y record\u00f3 que es una tarea que le encomend\u00f3 <br><\/p>\n\n\n\n<p>Fue el arzobispo de Monterrey quien le encomend\u00f3 al padre Jos\u00e9 Manuel Guerrero junto con el padre Eduardo Villarreal impulsar en la iglesia el pastoral ecol\u00f3gico.<br><\/p>\n\n\n\n<p>&#8220;No s\u00e9 si es correcto llamarle activista, \u00e9l tiene una tarea de formar parte del equipo de la Arquidi\u00f3cesis en todo lo que tiene que ver con el medio ambiente.<br><\/p>\n\n\n\n<p>&#8220;Es una tarea que yo le he encomendado, no es una actividad que \u00e9l desarrolle por su propio gusto o su propia opini\u00f3n, el forma parte de nuestro equipo, \u00e9l junto con el padre Eduardo Villarreal son los responsables de cuidar e impulsar la pastoral ecol\u00f3gica&#8221;.<br><\/p>\n\n\n\n<p>Para el presidente del Episcopado Mexicano el asunto el asunto no es un problema, sino un detalle, por lo que hablar\u00e1 con el padre Guerrero para corregirlo.<br><\/p>\n\n\n\n<p>&#8220;Yo hablar\u00e9 con \u00e9l para ver esto que para m\u00ed es un detalle, no un problema. Si alguien con esta forma de molestar, lo ha hecho sentir mal vamos a corregirlo&#8221;. <br><\/p>\n\n\n\n<p>&#8220;Mucha gente se ha tomado la libertad de usar los memes para hablar de todos, del papa, los gobernantes, de nosotros, lo importante es que no rompamos la comuni\u00f3n y no nos enojemos&#8221;, advierte.<br><\/p>\n\n\n\n<p>Las cr\u00edticas contra el padre Guerrero Noyola se registran en redes sociales a trav\u00e9s de memes por su labor en favor del medio ambiente.<\/p>\n\n\n\n<figure class=\"wp-block-image\"><img loading=\"lazy\" decoding=\"async\" width=\"960\" height=\"540\" src=\"http:\/\/diariodigitalmx.com\/wp-content\/uploads\/2019\/06\/FB_IMG_1561338550161.jpg\" alt=\"\" class=\"wp-image-6396\" srcset=\"https:\/\/diariodigitalmx.com\/wp-content\/uploads\/2019\/06\/FB_IMG_1561338550161.jpg 960w, https:\/\/diariodigitalmx.com\/wp-content\/uploads\/2019\/06\/FB_IMG_1561338550161-300x169.jpg 300w, https:\/\/diariodigitalmx.com\/wp-content\/uploads\/2019\/06\/FB_IMG_1561338550161-768x432.jpg 768w\" sizes=\"(max-width: 960px) 100vw, 960px\" \/><\/figure>\n\n\n\n<p>El padre Chema es rector del templo de Los Sagrados Corazones de Jes\u00fas y Mar\u00eda, en la comunidad El Uro, al sur de Monterrey y se ha caracterizado por sus luchas sociales como la que sostuvo con otros activistas al rechazar la exploraci\u00f3n en la Cuenca de Burgos para obtener gas a trav\u00e9s del llamado fracking que provocar\u00eda escasez de agua y da\u00f1os ecol\u00f3gicos a Nuevo Le\u00f3n y Tamaulipas.<br><\/p>\n\n\n\n<p>\u201cEl fracking representa la \u00faltima y m\u00e1s violenta forma de explotaci\u00f3n de recursos naturales y es un m\u00e9todo que explota petr\u00f3leo y gas natural atrapados en los poros de formaciones rocosas poco permeables denominadas lutitas, situadas en el subsuelo; suelen encontrarse a profundidades de entre mil y cinco mil metros\u201d, explic\u00f3 en su tiempo Guerrero.<br><\/p>\n\n\n\n<figure class=\"wp-block-image\"><img loading=\"lazy\" decoding=\"async\" width=\"540\" height=\"960\" src=\"http:\/\/diariodigitalmx.com\/wp-content\/uploads\/2019\/06\/FB_IMG_1561338450717.jpg\" alt=\"\" class=\"wp-image-6398\" srcset=\"https:\/\/diariodigitalmx.com\/wp-content\/uploads\/2019\/06\/FB_IMG_1561338450717.jpg 540w, https:\/\/diariodigitalmx.com\/wp-content\/uploads\/2019\/06\/FB_IMG_1561338450717-169x300.jpg 169w\" sizes=\"(max-width: 540px) 100vw, 540px\" \/><\/figure>\n","protected":false},"excerpt":{"rendered":"<p>Un sacerdote activista social se quej\u00f3 de los memes con el arzobispo de Monterrey quien le pidi\u00f3 no enojarse, se acepten y no se rompa la comuni\u00f3n. &nbsp; El presidente del Episcopado Mexicano y arzobispo de Monterrey, Rogelio Cabrera acepta los memes y solicit\u00f3 al sacerdote Jos\u00e9 Manuel Guerrero Noyola no enojarse por los memes [&hellip;]<\/p>\n","protected":false},"author":1,"featured_media":6394,"comment_status":"open","ping_status":"open","sticky":true,"template":"","format":"standard","meta":{"footnotes":""},"categories":[6],"tags":[],"_links":{"self":[{"href":"https:\/\/diariodigitalmx.com\/index.php\/wp-json\/wp\/v2\/posts\/6392"}],"collection":[{"href":"https:\/\/diariodigitalmx.com\/index.php\/wp-json\/wp\/v2\/posts"}],"about":[{"href":"https:\/\/diariodigitalmx.com\/index.php\/wp-json\/wp\/v2\/types\/post"}],"author":[{"embeddable":true,"href":"https:\/\/diariodigitalmx.com\/index.php\/wp-json\/wp\/v2\/users\/1"}],"replies":[{"embeddable":true,"href":"https:\/\/diariodigitalmx.com\/index.php\/wp-json\/wp\/v2\/comments?post=6392"}],"version-history":[{"count":4,"href":"https:\/\/diariodigitalmx.com\/index.php\/wp-json\/wp\/v2\/posts\/6392\/revisions"}],"predecessor-version":[{"id":6399,"href":"https:\/\/diariodigitalmx.com\/index.php\/wp-json\/wp\/v2\/posts\/6392\/revisions\/6399"}],"wp:featuredmedia":[{"embeddable":true,"href":"https:\/\/diariodigitalmx.com\/index.php\/wp-json\/wp\/v2\/media\/6394"}],"wp:attachment":[{"href":"https:\/\/diariodigitalmx.com\/index.php\/wp-json\/wp\/v2\/media?parent=6392"}],"wp:term":[{"taxonomy":"category","embeddable":true,"href":"https:\/\/diariodigitalmx.com\/index.php\/wp-json\/wp\/v2\/categories?post=6392"},{"taxonomy":"post_tag","embeddable":true,"href":"https:\/\/diariodigitalmx.com\/index.php\/wp-json\/wp\/v2\/tags?post=6392"}],"curies":[{"name":"wp","href":"https:\/\/api.w.org\/{rel}","templated":true}]}}