{"id":63920,"date":"2021-10-13T16:33:18","date_gmt":"2021-10-13T21:33:18","guid":{"rendered":"http:\/\/diariodigitalmx.com\/?p=63920"},"modified":"2021-10-13T16:33:53","modified_gmt":"2021-10-13T21:33:53","slug":"si-me-subo-a-la-contienda-sere-gobernador-afirma-el-diamante-negro","status":"publish","type":"post","link":"https:\/\/diariodigitalmx.com\/index.php\/2021\/10\/13\/si-me-subo-a-la-contienda-sere-gobernador-afirma-el-diamante-negro\/","title":{"rendered":"&#8220;Si me subo a la contienda, ser\u00e9 gobernador&#8221;, afirma el &#8220;Diamante Negro&#8221;"},"content":{"rendered":"\n<p>Canc\u00fan, Quintana Roo- El actor y empresario hotelero Roberto Palazuelos confirm\u00f3 que buscar\u00e1 la candidatura al gobierno de Quintana Roo y est\u00e1 seguro de ser el pr\u00f3ximo gobernador.&nbsp;<\/p>\n\n\n\n<p>&#8220;No son los tiempos, pero s\u00ed tengo la mano levantada para ser gobernador; si yo me subo a la siguiente contienda voy a ser gobernador de Quintana Roo\u201d, dijo el Diamante Negro.<\/p>\n\n\n\n<p>Palazuelos se reuni\u00f3 con el l\u00edder estatal de Movimiento Ciudadano,&nbsp; Jos\u00e9 Luis &#8220;Chanito&#8221; Toledo Medina, con quien, se\u00f1al\u00f3, hablaron de todo.&nbsp;<\/p>\n\n\n\n<p>Espera ser el candidato de Movimiento Ciudadano pero asegura que quien lo postule en el 2022, lo har\u00e1 gobernador, ya que su visi\u00f3n para disputarla se basa en un arraigo de m\u00e1s de 25 a\u00f1os en la industria tur\u00edstica.<\/p>\n\n\n\n<p>&#8220;En la historia de Quintana Roo nunca ha habido un l\u00edder hotelero que llegue a la mesa, yo ser\u00eda el primer candidato del gremio que manda econ\u00f3micamente en Quintana Roo y es la fuerza ponderadora del empleo, es un gremio que ha sido avasallado, yo tengo una visi\u00f3n tur\u00edstica, puse a Tulum en el mapa, fue un trabajo de d\u00e9cadas, les sub\u00ed sus tarifas, pienso hacer lo mismo con el estado, sobre todo pienso hacer lo mismo con Chetumal, voy a poner a Chetumal en el mapa, le voy hacer justicia a Chetumal&#8221;, advirti\u00f3.&nbsp;<\/p>\n\n\n\n<p>&nbsp;&#8220;Estoy seguro que Roberto como ya dijo que levanta la mano, ya le pusimos el ojo a Roberto y tambi\u00e9n le respondemos el gui\u00f1o&#8221;, coment\u00f3 a su vez el dirigente de MC.&nbsp;<\/p>\n","protected":false},"excerpt":{"rendered":"<p>Canc\u00fan, Quintana Roo- El actor y empresario hotelero Roberto Palazuelos confirm\u00f3 que buscar\u00e1 la candidatura al gobierno de Quintana Roo y est\u00e1 seguro de ser el pr\u00f3ximo gobernador.&nbsp; &#8220;No son los tiempos, pero s\u00ed tengo la mano levantada para ser gobernador; si yo me subo a la siguiente contienda voy a ser gobernador de Quintana [&hellip;]<\/p>\n","protected":false},"author":1,"featured_media":63922,"comment_status":"open","ping_status":"open","sticky":true,"template":"","format":"standard","meta":{"footnotes":""},"categories":[2,5],"tags":[],"_links":{"self":[{"href":"https:\/\/diariodigitalmx.com\/index.php\/wp-json\/wp\/v2\/posts\/63920"}],"collection":[{"href":"https:\/\/diariodigitalmx.com\/index.php\/wp-json\/wp\/v2\/posts"}],"about":[{"href":"https:\/\/diariodigitalmx.com\/index.php\/wp-json\/wp\/v2\/types\/post"}],"author":[{"embeddable":true,"href":"https:\/\/diariodigitalmx.com\/index.php\/wp-json\/wp\/v2\/users\/1"}],"replies":[{"embeddable":true,"href":"https:\/\/diariodigitalmx.com\/index.php\/wp-json\/wp\/v2\/comments?post=63920"}],"version-history":[{"count":1,"href":"https:\/\/diariodigitalmx.com\/index.php\/wp-json\/wp\/v2\/posts\/63920\/revisions"}],"predecessor-version":[{"id":63921,"href":"https:\/\/diariodigitalmx.com\/index.php\/wp-json\/wp\/v2\/posts\/63920\/revisions\/63921"}],"wp:featuredmedia":[{"embeddable":true,"href":"https:\/\/diariodigitalmx.com\/index.php\/wp-json\/wp\/v2\/media\/63922"}],"wp:attachment":[{"href":"https:\/\/diariodigitalmx.com\/index.php\/wp-json\/wp\/v2\/media?parent=63920"}],"wp:term":[{"taxonomy":"category","embeddable":true,"href":"https:\/\/diariodigitalmx.com\/index.php\/wp-json\/wp\/v2\/categories?post=63920"},{"taxonomy":"post_tag","embeddable":true,"href":"https:\/\/diariodigitalmx.com\/index.php\/wp-json\/wp\/v2\/tags?post=63920"}],"curies":[{"name":"wp","href":"https:\/\/api.w.org\/{rel}","templated":true}]}}