{"id":63923,"date":"2021-10-13T21:17:03","date_gmt":"2021-10-14T02:17:03","guid":{"rendered":"http:\/\/diariodigitalmx.com\/?p=63923"},"modified":"2021-10-13T21:18:09","modified_gmt":"2021-10-14T02:18:09","slug":"la-cobija-de-carlos-garza","status":"publish","type":"post","link":"https:\/\/diariodigitalmx.com\/index.php\/2021\/10\/13\/la-cobija-de-carlos-garza\/","title":{"rendered":"La cobija de Carlos Garza"},"content":{"rendered":"\n<p><\/p>\n\n\n\n<p>Por Salvador Hern\u00e1ndez <strong><em>LANDEROS<\/em><\/strong><\/p>\n\n\n\n<p>Ser\u00e1 el sereno, <strong><em>pero ni yendo a rezar al Santuario de la Virgen de Guadalupe, se va a quitar a Carlos Alberto Garza Ibarra del cargo de Tesorero del Estado<\/em><\/strong>.<\/p>\n\n\n\n<p>Y si Fernando Elizondo y Jos\u00e9 Natividad Gonz\u00e1lez presumen ser sus primeros jefes, <strong><em>su cobija en los \u00faltimos 10 a\u00f1os, se llama Jos\u00e9 Antonio Gonz\u00e1lez Anaya<\/em><\/strong>.<\/p>\n\n\n\n<p>Qu\u00e9 qui\u00e9n es Gonz\u00e1lez Anaya. Un economista veracruzano ligado a Enrique Pe\u00f1a Nieto, a\u00fan m\u00e1s, <strong><em>el concu\u00f1o m\u00e1s apreciado de Carlos Salinas de Gortari<\/em><\/strong>.<\/p>\n\n\n\n<p>Con Pe\u00f1a Nieto, <strong><em>fue el director general del IMSS; despu\u00e9s, director general de Petr\u00f3leos Mexicanos y cerr\u00f3 el sexenio como titular de la SHCP<\/em><\/strong>.<\/p>\n\n\n\n<p>Antes de esos cargos, en el sexenio de Felipe Calder\u00f3n, <strong><em>fue subsecretario de ingresos de la SHCP, donde trab\u00f3 relaci\u00f3n con Carlos Alberto Garza Ibarra.<\/em><\/strong>&nbsp;<\/p>\n\n\n\n<p><strong><em>El veracruzano no s\u00f3lo cobija a Carlos Alberto, tambi\u00e9n cobij\u00f3 a su hermano Jos\u00e9 Luis, quien fue dirigente de la Secci\u00f3n 2 de NL del Sindicato del IMSS<\/em><\/strong>.<\/p>\n\n\n\n<p><strong><em>Carlos Alberto se inici\u00f3 en el servicio p\u00fablico con<\/em><\/strong>, Fernando Elizondo, en el gobierno de Fernando Canales y le sigui\u00f3 con Jos\u00e9 Natividad Gonz\u00e1lez Paras.<\/p>\n\n\n\n<p>Se fue a M\u00e9xico y volvi\u00f3 en el 2009 como <strong><em>coordinador de la campa\u00f1a de Fernando Elizondo, quien \u201cperdi\u00f3\u201d la gubernatura con Rodrigo Medina<\/em><\/strong>.<\/p>\n\n\n\n<p>Se regres\u00f3 a CDMX y <strong><em>se cobij\u00f3 con Gonz\u00e1lez Anaya, muy amigo de Dante Delgado Ranauro y volvi\u00f3<\/em><\/strong> a NL como tesorero con Jaime Rodr\u00edguez Calder\u00f3n.<\/p>\n\n\n\n<p>Carlos tiene otro hermano, m\u00e9dico, de nombre Miguel \u00c1ngel, <strong><em>quien desde hace a\u00f1os dirige la cl\u00ednica hospital del Frente Popular Tierra y Libertad.<\/em><\/strong><\/p>\n\n\n\n<p>Por lo bien cobijado que est\u00e1 Carlos Garza<strong><em>, no duden que dentro de tres a\u00f1os sea gobernador sustituto, pues parece que Samuel Garc\u00eda, hasta ah\u00ed llegar\u00e1.<\/em><\/strong><\/p>\n\n\n\n<p><a href=\"mailto:chavalolanderos@hyahoo.com.mx\">chavalolanderos@hyahoo.com.mx<\/a><\/p>\n","protected":false},"excerpt":{"rendered":"<p>Por Salvador Hern\u00e1ndez LANDEROS Ser\u00e1 el sereno, pero ni yendo a rezar al Santuario de la Virgen de Guadalupe, se va a quitar a Carlos Alberto Garza Ibarra del cargo de Tesorero del Estado. Y si Fernando Elizondo y Jos\u00e9 Natividad Gonz\u00e1lez presumen ser sus primeros jefes, su cobija en los \u00faltimos 10 a\u00f1os, se [&hellip;]<\/p>\n","protected":false},"author":1,"featured_media":63925,"comment_status":"open","ping_status":"open","sticky":true,"template":"","format":"standard","meta":{"footnotes":""},"categories":[14,12],"tags":[],"_links":{"self":[{"href":"https:\/\/diariodigitalmx.com\/index.php\/wp-json\/wp\/v2\/posts\/63923"}],"collection":[{"href":"https:\/\/diariodigitalmx.com\/index.php\/wp-json\/wp\/v2\/posts"}],"about":[{"href":"https:\/\/diariodigitalmx.com\/index.php\/wp-json\/wp\/v2\/types\/post"}],"author":[{"embeddable":true,"href":"https:\/\/diariodigitalmx.com\/index.php\/wp-json\/wp\/v2\/users\/1"}],"replies":[{"embeddable":true,"href":"https:\/\/diariodigitalmx.com\/index.php\/wp-json\/wp\/v2\/comments?post=63923"}],"version-history":[{"count":1,"href":"https:\/\/diariodigitalmx.com\/index.php\/wp-json\/wp\/v2\/posts\/63923\/revisions"}],"predecessor-version":[{"id":63924,"href":"https:\/\/diariodigitalmx.com\/index.php\/wp-json\/wp\/v2\/posts\/63923\/revisions\/63924"}],"wp:featuredmedia":[{"embeddable":true,"href":"https:\/\/diariodigitalmx.com\/index.php\/wp-json\/wp\/v2\/media\/63925"}],"wp:attachment":[{"href":"https:\/\/diariodigitalmx.com\/index.php\/wp-json\/wp\/v2\/media?parent=63923"}],"wp:term":[{"taxonomy":"category","embeddable":true,"href":"https:\/\/diariodigitalmx.com\/index.php\/wp-json\/wp\/v2\/categories?post=63923"},{"taxonomy":"post_tag","embeddable":true,"href":"https:\/\/diariodigitalmx.com\/index.php\/wp-json\/wp\/v2\/tags?post=63923"}],"curies":[{"name":"wp","href":"https:\/\/api.w.org\/{rel}","templated":true}]}}