{"id":63942,"date":"2021-10-14T00:29:47","date_gmt":"2021-10-14T05:29:47","guid":{"rendered":"http:\/\/diariodigitalmx.com\/?p=63942"},"modified":"2021-10-14T00:30:56","modified_gmt":"2021-10-14T05:30:56","slug":"premian-a-las-periodistas-mexicanas-adela-navarro-y-regina-martinez","status":"publish","type":"post","link":"https:\/\/diariodigitalmx.com\/index.php\/2021\/10\/14\/premian-a-las-periodistas-mexicanas-adela-navarro-y-regina-martinez\/","title":{"rendered":"Premian a las periodistas mexicanas Adela Navarro y Regina Mart\u00ednez"},"content":{"rendered":"\n<p>Las periodistas mexicanas, Regina Mart\u00ednez y&nbsp; Adela Navarro fueron reconocidas por la Universidad de Columbia con los premios \u201cMaria Moors Cabot\u201d a la excelencia period\u00edstica.<\/p>\n\n\n\n<p>La universidad, que tambi\u00e9n entrega el Pulitzer, advirti\u00f3 que Am\u00e9rica Latina tiene una lamentable correlaci\u00f3n con un riesgo de los periodistas para hacer su labor, por la que han sido perseguidos y asesinados en los \u00faltimos a\u00f1os, como ocurri\u00f3 con la corresponsal de Proceso en Veracruz, Regina Mart\u00ednez P\u00e9rez, a quien otorgaron un Premio Especial al M\u00e9rito por su trayectoria.<\/p>\n\n\n\n<p>El reconocimiento especial incluy\u00f3 al \u201cProyecto c\u00e1rtel\u201d (The cartel Project), la investigaci\u00f3n period\u00edstica que sobre el trabajo de Regina y su asesinato cometido en abril de 2012 coordin\u00f3 la organizaci\u00f3n \u201cForbidden Stories\u201d con periodistas y medios de todo el mundo, en la que particip\u00f3 Proceso como \u00fanico medio de M\u00e9xico.<\/p>\n\n\n\n<p>El reconocimiento especial incluy\u00f3 al \u201cProyecto c\u00e1rtel\u201d (The cartel Project), la investigaci\u00f3n period\u00edstica que sobre el trabajo de Regina y su asesinato cometido en abril de 2012 coordin\u00f3 la organizaci\u00f3n \u201cForbidden Stories\u201d con periodistas y medios de todo el mundo, en la que particip\u00f3 Proceso como \u00fanico medio de M\u00e9xico.<\/p>\n\n\n\n<p>El premio es un acto de justicia a Regina Mart\u00ednez y honra su trabajo que hizo en Veracruz.<\/p>\n\n\n\n<p>La Universidad tambi\u00e9n reconoci\u00f3 a la periodista mexicana Adela Navarro Bello, directora general del semanario ZETA de Tijuana.<\/p>\n\n\n\n<p>\u201cEl periodismo independiente es vital y fundamental para la rendici\u00f3n de cuentas [\u2026] tenemos que seguir combatiendo la propaganda y la desinformaci\u00f3n en muchos canales\u201d, se\u00f1al\u00f3 Steve Coll, decano de la Facultad de Periodismo de la Universidad de Columbia, durante la ceremonia de premiaci\u00f3n, misma que se llev\u00f3 a cabo de forma virtual, debido a las restricciones sanitarias por la pandemia del Covid-19.<\/p>\n\n\n\n<p>Lee Bollinger, presidente de la Universidad de Columbia, destac\u00f3 que M\u00e9xico sigue siendo el pa\u00eds m\u00e1s peligroso para ejercer el periodismo en el hemisferio occidental, y que, por ello, los periodistas que reciben el Premio Mar\u00eda Moors Cabot, en su edici\u00f3n 2021, son muy \u201cvalientes\u201d, adem\u00e1s de que merecen su admiraci\u00f3n.<\/p>\n","protected":false},"excerpt":{"rendered":"<p>Las periodistas mexicanas, Regina Mart\u00ednez y&nbsp; Adela Navarro fueron reconocidas por la Universidad de Columbia con los premios \u201cMaria Moors Cabot\u201d a la excelencia period\u00edstica. La universidad, que tambi\u00e9n entrega el Pulitzer, advirti\u00f3 que Am\u00e9rica Latina tiene una lamentable correlaci\u00f3n con un riesgo de los periodistas para hacer su labor, por la que han sido [&hellip;]<\/p>\n","protected":false},"author":1,"featured_media":63944,"comment_status":"open","ping_status":"open","sticky":true,"template":"","format":"standard","meta":{"footnotes":""},"categories":[4,3],"tags":[],"_links":{"self":[{"href":"https:\/\/diariodigitalmx.com\/index.php\/wp-json\/wp\/v2\/posts\/63942"}],"collection":[{"href":"https:\/\/diariodigitalmx.com\/index.php\/wp-json\/wp\/v2\/posts"}],"about":[{"href":"https:\/\/diariodigitalmx.com\/index.php\/wp-json\/wp\/v2\/types\/post"}],"author":[{"embeddable":true,"href":"https:\/\/diariodigitalmx.com\/index.php\/wp-json\/wp\/v2\/users\/1"}],"replies":[{"embeddable":true,"href":"https:\/\/diariodigitalmx.com\/index.php\/wp-json\/wp\/v2\/comments?post=63942"}],"version-history":[{"count":1,"href":"https:\/\/diariodigitalmx.com\/index.php\/wp-json\/wp\/v2\/posts\/63942\/revisions"}],"predecessor-version":[{"id":63943,"href":"https:\/\/diariodigitalmx.com\/index.php\/wp-json\/wp\/v2\/posts\/63942\/revisions\/63943"}],"wp:featuredmedia":[{"embeddable":true,"href":"https:\/\/diariodigitalmx.com\/index.php\/wp-json\/wp\/v2\/media\/63944"}],"wp:attachment":[{"href":"https:\/\/diariodigitalmx.com\/index.php\/wp-json\/wp\/v2\/media?parent=63942"}],"wp:term":[{"taxonomy":"category","embeddable":true,"href":"https:\/\/diariodigitalmx.com\/index.php\/wp-json\/wp\/v2\/categories?post=63942"},{"taxonomy":"post_tag","embeddable":true,"href":"https:\/\/diariodigitalmx.com\/index.php\/wp-json\/wp\/v2\/tags?post=63942"}],"curies":[{"name":"wp","href":"https:\/\/api.w.org\/{rel}","templated":true}]}}