{"id":63949,"date":"2021-10-14T08:13:54","date_gmt":"2021-10-14T13:13:54","guid":{"rendered":"http:\/\/diariodigitalmx.com\/?p=63949"},"modified":"2021-10-14T08:14:37","modified_gmt":"2021-10-14T13:14:37","slug":"por-cierto-444","status":"publish","type":"post","link":"https:\/\/diariodigitalmx.com\/index.php\/2021\/10\/14\/por-cierto-444\/","title":{"rendered":"Por cierto&#8230;"},"content":{"rendered":"\n<p>\u00d3scar Tamez Rodr\u00edguez<\/p>\n\n\n\n<p>Marcelo Ebrard dice que no lo descarten, que ir\u00e1 por la candidatura presidencial en 2024. Ricardo Monreal sin duda estar\u00e1 en la boleta, de \u00e9l no sabemos si en Morena por CdMx o por su antiguo partido, el PRI en la presidencial. Ebrard es el que desorienta, su perfil no es de revelarse a su jefe y su envalentonada tiene dos lecturas: Que do\u00f1a Claudia va en ca\u00edda libre y perdi\u00f3 algo del cari\u00f1o del jefe de la 4T, o que Ebrard es mandado como distractor para quitarle golpeteo a Claudia. No hay forma de imaginar a Marcelo por la libre como s\u00ed lo har\u00eda Ricardo. Veremos y sabremos.&nbsp;<a rel=\"noreferrer noopener\" href=\"mailto:estudiospoliticos.mx@gmail.com\" target=\"_blank\">estudiospoliticos.mx@gmail.com<\/a><\/p>\n","protected":false},"excerpt":{"rendered":"<p>\u00d3scar Tamez Rodr\u00edguez Marcelo Ebrard dice que no lo descarten, que ir\u00e1 por la candidatura presidencial en 2024. Ricardo Monreal sin duda estar\u00e1 en la boleta, de \u00e9l no sabemos si en Morena por CdMx o por su antiguo partido, el PRI en la presidencial. Ebrard es el que desorienta, su perfil no es de [&hellip;]<\/p>\n","protected":false},"author":1,"featured_media":63951,"comment_status":"open","ping_status":"open","sticky":true,"template":"","format":"standard","meta":{"footnotes":""},"categories":[14,12],"tags":[],"_links":{"self":[{"href":"https:\/\/diariodigitalmx.com\/index.php\/wp-json\/wp\/v2\/posts\/63949"}],"collection":[{"href":"https:\/\/diariodigitalmx.com\/index.php\/wp-json\/wp\/v2\/posts"}],"about":[{"href":"https:\/\/diariodigitalmx.com\/index.php\/wp-json\/wp\/v2\/types\/post"}],"author":[{"embeddable":true,"href":"https:\/\/diariodigitalmx.com\/index.php\/wp-json\/wp\/v2\/users\/1"}],"replies":[{"embeddable":true,"href":"https:\/\/diariodigitalmx.com\/index.php\/wp-json\/wp\/v2\/comments?post=63949"}],"version-history":[{"count":2,"href":"https:\/\/diariodigitalmx.com\/index.php\/wp-json\/wp\/v2\/posts\/63949\/revisions"}],"predecessor-version":[{"id":63952,"href":"https:\/\/diariodigitalmx.com\/index.php\/wp-json\/wp\/v2\/posts\/63949\/revisions\/63952"}],"wp:featuredmedia":[{"embeddable":true,"href":"https:\/\/diariodigitalmx.com\/index.php\/wp-json\/wp\/v2\/media\/63951"}],"wp:attachment":[{"href":"https:\/\/diariodigitalmx.com\/index.php\/wp-json\/wp\/v2\/media?parent=63949"}],"wp:term":[{"taxonomy":"category","embeddable":true,"href":"https:\/\/diariodigitalmx.com\/index.php\/wp-json\/wp\/v2\/categories?post=63949"},{"taxonomy":"post_tag","embeddable":true,"href":"https:\/\/diariodigitalmx.com\/index.php\/wp-json\/wp\/v2\/tags?post=63949"}],"curies":[{"name":"wp","href":"https:\/\/api.w.org\/{rel}","templated":true}]}}