{"id":63967,"date":"2021-10-14T17:58:15","date_gmt":"2021-10-14T22:58:15","guid":{"rendered":"http:\/\/diariodigitalmx.com\/?p=63967"},"modified":"2021-10-14T17:59:57","modified_gmt":"2021-10-14T22:59:57","slug":"firman-acuerdo-de-colaboracion-comisiones-de-nuevo-leon-y-san-luis-potosi","status":"publish","type":"post","link":"https:\/\/diariodigitalmx.com\/index.php\/2021\/10\/14\/firman-acuerdo-de-colaboracion-comisiones-de-nuevo-leon-y-san-luis-potosi\/","title":{"rendered":"Firman acuerdo de colaboraci\u00f3n comisiones de Nuevo Le\u00f3n y San Luis Potos\u00ed"},"content":{"rendered":"\n<p>*Los organismos p\u00fablicos de derechos humanos trabajar\u00e1n en actividades acad\u00e9micas, de&nbsp;capacitaci\u00f3n, actualizaci\u00f3n y difusi\u00f3n<\/p>\n\n\n\n<p>A fin de establecer v\u00ednculos con instituciones hom\u00f3logas de otras entidades, la Comisi\u00f3n Estatal de Derechos Humanos de Nuevo Le\u00f3n firm\u00f3 un convenio de colaboraci\u00f3n con la Comisi\u00f3n Estatal de Derechos Humanos de San Luis Potos\u00ed.<\/p>\n\n\n\n<p>La presidenta de la CEDHNL, Olga Susana M\u00e9ndez Arellano, y la presidenta de la CEDHSLP,\u00a0Giovanna Itzel Arg\u00fcelles Moreno, suscribieron el acuerdo en el que establecen la colaboraci\u00f3n durante las gestiones de ambas titulares.<\/p>\n\n\n\n<figure class=\"wp-block-image size-large\"><img loading=\"lazy\" decoding=\"async\" width=\"1024\" height=\"682\" src=\"http:\/\/diariodigitalmx.com\/wp-content\/uploads\/2021\/10\/IMG-20211014-WA0011-1024x682.jpg\" alt=\"\" class=\"wp-image-63971\" srcset=\"https:\/\/diariodigitalmx.com\/wp-content\/uploads\/2021\/10\/IMG-20211014-WA0011-1024x682.jpg 1024w, https:\/\/diariodigitalmx.com\/wp-content\/uploads\/2021\/10\/IMG-20211014-WA0011-300x200.jpg 300w, https:\/\/diariodigitalmx.com\/wp-content\/uploads\/2021\/10\/IMG-20211014-WA0011-768x512.jpg 768w, https:\/\/diariodigitalmx.com\/wp-content\/uploads\/2021\/10\/IMG-20211014-WA0011.jpg 1280w\" sizes=\"(max-width: 1024px) 100vw, 1024px\" \/><\/figure>\n\n\n\n<p>\u201cDurante estos primeros meses de mi gesti\u00f3n en la Comisi\u00f3n, he asumido el compromiso de&nbsp;trabajar en conjunto con las instituciones p\u00fablicas, de gobierno y la sociedad civil\u201d, dijo M\u00e9ndez&nbsp;<\/p>\n\n\n\n<p>Arellano, \u201cestoy convencida de la necesidad de las alianzas s\u00f3lidas y la cooperaci\u00f3n interinstitucional para la promoci\u00f3n y protecci\u00f3n de los derechos humanos\u201d.<\/p>\n\n\n\n<p>\u201cEn este sentido, estoy segura de que el intercambio de ideas, experiencias y propuestas con el&nbsp;equipo que conforma a la Comisi\u00f3n a su digno cargo ser\u00e1 de gran beneficio, tanto en Nuevo&nbsp;Le\u00f3n como en el Estado de San Luis Potos\u00ed\u201d.<\/p>\n\n\n\n<p>El objetivo del convenio es que ambas instituciones puedan establecer las bases de colaboraci\u00f3n y apoyo en proyectos y programas en los cuales se determine llevar a cabo, de manera conjunta, acciones y la divulgaci\u00f3n en materia de derechos humanos.&nbsp;<\/p>\n\n\n\n<p>Adem\u00e1s de proponer los mecanismos para apoyarse mutuamente en la realizaci\u00f3n de&nbsp;actividades acad\u00e9micas, de capacitaci\u00f3n, actualizaci\u00f3n y difusi\u00f3n, vinculadas con el&nbsp;cumplimiento de sus fines como organismos p\u00fablicos de derechos humanos.<\/p>\n\n\n\n<p>\u201cLas personas que principalmente se ver\u00e1n beneficiadas con esta suma de esfuerzos ser\u00e1n las v\u00edctimas de violaciones a derechos humanos\u201d, coment\u00f3 Arg\u00fcelles Moreno.<\/p>\n\n\n\n<p>\u201cLa capacitaci\u00f3n conjunta que realizaremos contribuir\u00e1 para la profesionalizaci\u00f3n del personal&nbsp;de nuestras instituciones, as\u00ed como de las y los servidores p\u00fablicos de los diferentes \u00f3rdenes de gobierno\u201d.<\/p>\n\n\n\n<p>La firma de convenio se llev\u00f3 a cabo a distancia, de manera virtual.<\/p>\n","protected":false},"excerpt":{"rendered":"<p>*Los organismos p\u00fablicos de derechos humanos trabajar\u00e1n en actividades acad\u00e9micas, de&nbsp;capacitaci\u00f3n, actualizaci\u00f3n y difusi\u00f3n A fin de establecer v\u00ednculos con instituciones hom\u00f3logas de otras entidades, la Comisi\u00f3n Estatal de Derechos Humanos de Nuevo Le\u00f3n firm\u00f3 un convenio de colaboraci\u00f3n con la Comisi\u00f3n Estatal de Derechos Humanos de San Luis Potos\u00ed. La presidenta de la CEDHNL, [&hellip;]<\/p>\n","protected":false},"author":1,"featured_media":63969,"comment_status":"open","ping_status":"open","sticky":true,"template":"","format":"standard","meta":{"footnotes":""},"categories":[6,5],"tags":[],"_links":{"self":[{"href":"https:\/\/diariodigitalmx.com\/index.php\/wp-json\/wp\/v2\/posts\/63967"}],"collection":[{"href":"https:\/\/diariodigitalmx.com\/index.php\/wp-json\/wp\/v2\/posts"}],"about":[{"href":"https:\/\/diariodigitalmx.com\/index.php\/wp-json\/wp\/v2\/types\/post"}],"author":[{"embeddable":true,"href":"https:\/\/diariodigitalmx.com\/index.php\/wp-json\/wp\/v2\/users\/1"}],"replies":[{"embeddable":true,"href":"https:\/\/diariodigitalmx.com\/index.php\/wp-json\/wp\/v2\/comments?post=63967"}],"version-history":[{"count":3,"href":"https:\/\/diariodigitalmx.com\/index.php\/wp-json\/wp\/v2\/posts\/63967\/revisions"}],"predecessor-version":[{"id":63972,"href":"https:\/\/diariodigitalmx.com\/index.php\/wp-json\/wp\/v2\/posts\/63967\/revisions\/63972"}],"wp:featuredmedia":[{"embeddable":true,"href":"https:\/\/diariodigitalmx.com\/index.php\/wp-json\/wp\/v2\/media\/63969"}],"wp:attachment":[{"href":"https:\/\/diariodigitalmx.com\/index.php\/wp-json\/wp\/v2\/media?parent=63967"}],"wp:term":[{"taxonomy":"category","embeddable":true,"href":"https:\/\/diariodigitalmx.com\/index.php\/wp-json\/wp\/v2\/categories?post=63967"},{"taxonomy":"post_tag","embeddable":true,"href":"https:\/\/diariodigitalmx.com\/index.php\/wp-json\/wp\/v2\/tags?post=63967"}],"curies":[{"name":"wp","href":"https:\/\/api.w.org\/{rel}","templated":true}]}}