{"id":6417,"date":"2019-06-24T06:18:58","date_gmt":"2019-06-24T11:18:58","guid":{"rendered":"http:\/\/diariodigitalmx.com\/?p=6417"},"modified":"2019-10-18T18:10:04","modified_gmt":"2019-10-18T23:10:04","slug":"publica-jean-claude-carriere-el-guion-de-su-vida","status":"publish","type":"post","link":"https:\/\/diariodigitalmx.com\/index.php\/2019\/06\/24\/publica-jean-claude-carriere-el-guion-de-su-vida\/","title":{"rendered":"P\u00fablica Jean- Claude Carri\u00e8re  el gui\u00f3n de su vida"},"content":{"rendered":"\n<p>por Reyna Paz Avenda\u00f1o (La Cr\u00f3nica de Hoy)<br><\/p>\n\n\n\n<p>*El guionista amigo de Bu\u00f1uel publica Siete cartas m\u00e1s una, escrito desde los lugares m\u00e1s importantes de su vida, incluido M\u00e9xico. \u201cSon reflexiones de c\u00f3mo ve el mundo\u201d: Natalia Gil Torner<\/p>\n\n\n\n<p><\/p>\n\n\n\n<p>&#8220;La curiosidad que me ha animado nunca est\u00e1 satisfecha. Soy un curioso y un heterocultural insaciable: las culturas de los otros, con frecuencia, me interesan m\u00e1s que la m\u00eda. As\u00ed como la mirada de otros \u2014Bu\u00f1uel y Brook, pero tambi\u00e9n Wajda\u2014 sobre mis ra\u00edces y el patrimonio\u201d, escribe Jean-Claude Carri\u00e8re (Francia, 1931), guionista y amigo de Luis Bu\u00f1uel, Milos Forman y Peter Brook, en su reciente libro Siete cartas m\u00e1s una.<br><\/p>\n\n\n\n<p>La publicaci\u00f3n coeditada por Artes de M\u00e9xico y la Universidad Nacional Aut\u00f3noma de M\u00e9xico (UNAM) incluye ocho textos que el tambi\u00e9n actor, galardonado en 2011 por Espa\u00f1a con la Orden de las Artes y las Letras, le dedica a sus dos hijas Kiara e Iris, quienes se llevan m\u00e1s de 30 a\u00f1os de edad.<br><\/p>\n\n\n\n<p>\u201cTengo una amistad con Jean-Claude desde hace 20 a\u00f1os, somos muy amigos y hemos hecho varios proyectos juntos. Hace diez a\u00f1os me pregunt\u00f3 qu\u00e9 se me ocurr\u00eda hacer sobre sus memorias porque a sus 70 a\u00f1os naci\u00f3 su segunda hija que se llama Kiara y su primera hija, Iris, en ese momento ten\u00eda 55 a\u00f1os\u201d, platica la coordinadora del libro Natalia Gil Torner.<br><\/p>\n\n\n\n<p>La preocupaci\u00f3n de Carri\u00e8re fue en ese momento dejar un legado escrito para sus hijas, por ello, Gil Torner le propuso escribir un libro basado en una de sus obras literarias favoritas: El coloquio de los p\u00e1jaros.<br><\/p>\n\n\n\n<p>\u201cEse libro nos encanta a ambos y de hecho, Jean-Claude hizo la primera adaptaci\u00f3n de esa obra con el importante dramaturgo ingl\u00e9s Peter Brook. Es un libro persa suf\u00ed (la vertiente m\u00edstica del Islam) que habla sobre el gran viaje de la vida al que se aventuran los p\u00e1jaros pasando por siete valles que son realmente &nbsp;los valles m\u00e1s importantes de la vida: el nacimiento, la amistad, la enfermedad, la decepci\u00f3n\u2026 todos lo que vivimos\u201d, detalla.<br><\/p>\n\n\n\n<p>La cineasta Gil Toner le propuso a Carri\u00e8re escribir sobre los siete lugares m\u00e1s importantes de su vida y desde ah\u00ed escribir una carta a Kiara e Iris.<br><\/p>\n\n\n\n<p>\u201cLe encant\u00f3 la idea y le dije que por qu\u00e9 no hac\u00edamos una pel\u00edcula de eso, le fascin\u00f3, escribi\u00f3 las primeras cartas los primeros 15 d\u00edas e hicimos una pel\u00edcula en la cual invit\u00e9 como director a Juan Carlos Rulfo. El resultado fue una pel\u00edcula muy bella Carri\u00e8re, 250 metros pero las cartas quedaron archivadas. Entonces habl\u00e9 con Alberto Ruy S\u00e1nchez, Margarita de Orellana y con la UNAM para editar el libro\u201d, recuerda.<br><\/p>\n\n\n\n<p>Los lugares que eligi\u00f3 Carri\u00e8re fueron: Colombi\u00e8res, Par\u00eds, Ir\u00e1n, India, Toledo, Nueva York y M\u00e9xico. El guionista inicia con el pueblo donde naci\u00f3, ubicado al centro de Francia, contin\u00faa en Par\u00eds donde trabaj\u00f3 37 a\u00f1os con Peter Brook y sigue con Ir\u00e1n, pa\u00eds al que define como el \u201cpeor conocido en el mundo\u201d.<br><\/p>\n\n\n\n<p>\u201cSe tard\u00f3 12 a\u00f1os en adaptar al teatro El Mahabarata que es como la biblia de los hind\u00faes, fue un trabajo con Peter Brook y es una de las obras m\u00e1s importantes que dura nueve horas\u201d, se\u00f1ala Gil Torner.<br><\/p>\n\n\n\n<p>Desde India, Carri\u00e8re recuerda el trabajo con Peter Brook cuando adapt\u00f3 el poema El Mahabarata, y su colaboraci\u00f3n con el Dalai Lama al hacer Dharamsala. En Toledo escribe sus recuerdos con Luis Bu\u00f1uel, Federico Garc\u00eda Lorca y Salvador Dal\u00ed.<br><\/p>\n\n\n\n<p>\u201cDesde el segundo d\u00eda de mi llegada a Espa\u00f1a, en junio de 1963, Luis Bu\u00f1uel me llev\u00f3 a Toledo. Luis hab\u00eda aceptado aparecer en una pel\u00edcula francesa sobre \u00e9l\u201d, apunta.<br><\/p>\n\n\n\n<p>Sobre Nueva York aparece un Carri\u00e8re cr\u00edtico al preguntarse: \u00bfc\u00f3mo pudo terminar as\u00ed el movimiento Pace and Love? Entre Hair y el once de septiembre, \u00bfqu\u00e9 pas\u00f3?, \u00bfc\u00f3mo era posible que ese pa\u00eds que se deseaba delicadeza y armon\u00eda haya podido elegir dos veces para presidirlo a un criminal de guerra?<br><\/p>\n\n\n\n<p>Finalmente, en M\u00e9xico narra su asombro por el pasado prehisp\u00e1nico y la Revoluci\u00f3n &nbsp;Mexicana, describe al pa\u00eds como un lugar lleno de fantasmas.<br><\/p>\n\n\n\n<p>\u201cY en M\u00e9xico: \u00bfqu\u00e9 elegir?, \u00bfd\u00f3nde ir?, \u00bfd\u00f3nde vivir?, \u00bfa qu\u00e9 altura?, \u00bfen qu\u00e9 clima?, \u00bfcerca de cu\u00e1l mar? Actualmente, por la lucha entre los c\u00e1rteles, algunas provincias, como Guerrero y Michoac\u00e1n, est\u00e1n pr\u00e1cticamente prohibidas\u201d, reflexiona Carri\u00e8re.<br><\/p>\n\n\n\n<p>\u201cEste libro es el guion de su vida, son reflexiones de c\u00f3mo ve el mundo. Estas cartas son textos personales, humanos y muy sencillos hechos para sus hijas porque Jean-Claude, uno de los grandes escritores de nuestro tiempo que nunca olvid\u00f3 su origen campesino, tampoco ha olvidado esa sencillez de ver la vida con asombro, inocencia y profundidad\u201d, comenta Gil Torner.<br><\/p>\n\n\n\n<p>La coordinadora del libro a\u00f1ade que en noviembre existen intenciones de que Jean-Claude Carri\u00e8re presente su libro en M\u00e9xico, el cual tambi\u00e9n re\u00fane fotograf\u00edas de H\u00e9ctor Ruiz, Alejandro G\u00f3mez de Tuddo y Pascal Gros, y de realizarse la presentaci\u00f3n \u2014a\u00f1ade\u2014 ser\u00e1 una oportunidad para homenajear a una de las piedras fundacionales del cine del siglo XX y XXI. <\/p>\n","protected":false},"excerpt":{"rendered":"<p>por Reyna Paz Avenda\u00f1o (La Cr\u00f3nica de Hoy) *El guionista amigo de Bu\u00f1uel publica Siete cartas m\u00e1s una, escrito desde los lugares m\u00e1s importantes de su vida, incluido M\u00e9xico. \u201cSon reflexiones de c\u00f3mo ve el mundo\u201d: Natalia Gil Torner &#8220;La curiosidad que me ha animado nunca est\u00e1 satisfecha. Soy un curioso y un heterocultural insaciable: [&hellip;]<\/p>\n","protected":false},"author":1,"featured_media":6420,"comment_status":"open","ping_status":"open","sticky":true,"template":"","format":"standard","meta":{"footnotes":""},"categories":[9],"tags":[],"_links":{"self":[{"href":"https:\/\/diariodigitalmx.com\/index.php\/wp-json\/wp\/v2\/posts\/6417"}],"collection":[{"href":"https:\/\/diariodigitalmx.com\/index.php\/wp-json\/wp\/v2\/posts"}],"about":[{"href":"https:\/\/diariodigitalmx.com\/index.php\/wp-json\/wp\/v2\/types\/post"}],"author":[{"embeddable":true,"href":"https:\/\/diariodigitalmx.com\/index.php\/wp-json\/wp\/v2\/users\/1"}],"replies":[{"embeddable":true,"href":"https:\/\/diariodigitalmx.com\/index.php\/wp-json\/wp\/v2\/comments?post=6417"}],"version-history":[{"count":3,"href":"https:\/\/diariodigitalmx.com\/index.php\/wp-json\/wp\/v2\/posts\/6417\/revisions"}],"predecessor-version":[{"id":6421,"href":"https:\/\/diariodigitalmx.com\/index.php\/wp-json\/wp\/v2\/posts\/6417\/revisions\/6421"}],"wp:featuredmedia":[{"embeddable":true,"href":"https:\/\/diariodigitalmx.com\/index.php\/wp-json\/wp\/v2\/media\/6420"}],"wp:attachment":[{"href":"https:\/\/diariodigitalmx.com\/index.php\/wp-json\/wp\/v2\/media?parent=6417"}],"wp:term":[{"taxonomy":"category","embeddable":true,"href":"https:\/\/diariodigitalmx.com\/index.php\/wp-json\/wp\/v2\/categories?post=6417"},{"taxonomy":"post_tag","embeddable":true,"href":"https:\/\/diariodigitalmx.com\/index.php\/wp-json\/wp\/v2\/tags?post=6417"}],"curies":[{"name":"wp","href":"https:\/\/api.w.org\/{rel}","templated":true}]}}