{"id":64233,"date":"2021-10-17T20:01:10","date_gmt":"2021-10-18T01:01:10","guid":{"rendered":"http:\/\/diariodigitalmx.com\/?p=64233"},"modified":"2021-10-17T20:02:09","modified_gmt":"2021-10-18T01:02:09","slug":"64233","status":"publish","type":"post","link":"https:\/\/diariodigitalmx.com\/index.php\/2021\/10\/17\/64233\/","title":{"rendered":"Paga PRI viejos rencores"},"content":{"rendered":"\n<p><\/p>\n\n\n\n<p>Por Salvador Hern\u00e1ndez <strong><em>LANDEROS<\/em><\/strong><\/p>\n\n\n\n<p>La derrota del PRI en las elecciones del 6 de junio, aseguran priistas de NL<strong><em>, es el resultado de agravios, deslealtades, heridas y viejos rencores.<\/em><\/strong><\/p>\n\n\n\n<p>Con una militancia de m\u00e1s de 50 a\u00f1os en el tricolor, <strong><em>durante cuatro meses analizaron las causas de la derrota que tiene al PRI a punto de extinci\u00f3n<\/em><\/strong>.<\/p>\n\n\n\n<p>Seg\u00fan su an\u00e1lisis, todo apunta al pasado, <strong><em>a mediados de los 60as con el despacho Santos- Elizondo, que en la \u201cvieja pol\u00edtica\u201d, reun\u00eda al PRI y al PAN<\/em><\/strong>.<\/p>\n\n\n\n<p>En el presente, para los priistas, <strong><em>quienes aplicaron la reciente derrota del otrora poderoso partido, fueron Fernando Elizondo y Jos\u00e9 N. Gonz\u00e1lez<\/em><\/strong>.<\/p>\n\n\n\n<p>El encono de Elizondo hacia el PRI no es nuevo. <strong><em>Estudiaba en la UNL junto con Gonz\u00e1lez Paras, cuando su pap\u00e1 dej\u00f3 el cargo de gobernador en 1971<\/em><\/strong>.<\/p>\n\n\n\n<p>A Elizondo le reconocen como integrante del sector empresarial del Estado. <strong><em>El apellido Barrag\u00e1n pesa en la sociedad neolonesa y el despacho en pol\u00edtica.<\/em><\/strong><\/p>\n\n\n\n<p><strong><em>Del \u201cmaestro de los martes\u201d, como le llama Samuel Garc\u00eda a Gonz\u00e1lez Paras, les sorprende su \u201cperversidad pol\u00edtica\u201d, desarrollada en 35 a\u00f1os de actividad<\/em><\/strong>.<\/p>\n\n\n\n<p>En el an\u00e1lisis de esos \u201cviejos priistas\u201d hay una pregunta sin respuesta. <strong><em>\u201c\u00bfQu\u00e9 le hizo Rodrigo Medina a \u201cNati\u201d durante el sexenio de Enrique Pe\u00f1a Nieto?\u201d.<\/em><\/strong><\/p>\n\n\n\n<p><strong><em>Por ah\u00ed dice que Rodrigo le gan\u00f3 a Natividad en los afectos presidenciales<\/em><\/strong>. Por eso no lo tomaron en cuenta el 2015 para la \u201celecci\u00f3n\u201d de Ivonne \u00c1lvarez.<\/p>\n\n\n\n<p><strong><em>Por los afectos, las consecuencias las pagaron Adri\u00e1n de la Garza y Francisco Cienfuegos, <\/em><\/strong>Y, por ello mismo, que se cuide la presidenta del Congreso local.<\/p>\n\n\n\n<p>Ese an\u00e1lisis contiene otras observaciones y llama la atenci\u00f3n el destino del PRI. <strong><em>\u201cTres sexenios bastar\u00e1n para desaparecerlo\u201d, y ya pas\u00f3 uno y empieza otro<\/em><\/strong>.<\/p>\n\n\n\n<p><a href=\"mailto:chavalolanderos@yahoo.com.mx\">chavalolanderos@yahoo.com.mx<\/a>.<\/p>\n","protected":false},"excerpt":{"rendered":"<p>Por Salvador Hern\u00e1ndez LANDEROS La derrota del PRI en las elecciones del 6 de junio, aseguran priistas de NL, es el resultado de agravios, deslealtades, heridas y viejos rencores. Con una militancia de m\u00e1s de 50 a\u00f1os en el tricolor, durante cuatro meses analizaron las causas de la derrota que tiene al PRI a punto [&hellip;]<\/p>\n","protected":false},"author":1,"featured_media":64236,"comment_status":"open","ping_status":"open","sticky":true,"template":"","format":"standard","meta":{"footnotes":""},"categories":[14,12],"tags":[],"_links":{"self":[{"href":"https:\/\/diariodigitalmx.com\/index.php\/wp-json\/wp\/v2\/posts\/64233"}],"collection":[{"href":"https:\/\/diariodigitalmx.com\/index.php\/wp-json\/wp\/v2\/posts"}],"about":[{"href":"https:\/\/diariodigitalmx.com\/index.php\/wp-json\/wp\/v2\/types\/post"}],"author":[{"embeddable":true,"href":"https:\/\/diariodigitalmx.com\/index.php\/wp-json\/wp\/v2\/users\/1"}],"replies":[{"embeddable":true,"href":"https:\/\/diariodigitalmx.com\/index.php\/wp-json\/wp\/v2\/comments?post=64233"}],"version-history":[{"count":2,"href":"https:\/\/diariodigitalmx.com\/index.php\/wp-json\/wp\/v2\/posts\/64233\/revisions"}],"predecessor-version":[{"id":64235,"href":"https:\/\/diariodigitalmx.com\/index.php\/wp-json\/wp\/v2\/posts\/64233\/revisions\/64235"}],"wp:featuredmedia":[{"embeddable":true,"href":"https:\/\/diariodigitalmx.com\/index.php\/wp-json\/wp\/v2\/media\/64236"}],"wp:attachment":[{"href":"https:\/\/diariodigitalmx.com\/index.php\/wp-json\/wp\/v2\/media?parent=64233"}],"wp:term":[{"taxonomy":"category","embeddable":true,"href":"https:\/\/diariodigitalmx.com\/index.php\/wp-json\/wp\/v2\/categories?post=64233"},{"taxonomy":"post_tag","embeddable":true,"href":"https:\/\/diariodigitalmx.com\/index.php\/wp-json\/wp\/v2\/tags?post=64233"}],"curies":[{"name":"wp","href":"https:\/\/api.w.org\/{rel}","templated":true}]}}