{"id":6429,"date":"2019-06-24T15:14:33","date_gmt":"2019-06-24T20:14:33","guid":{"rendered":"http:\/\/diariodigitalmx.com\/?p=6429"},"modified":"2019-10-18T18:09:22","modified_gmt":"2019-10-18T23:09:22","slug":"quiere-mc-que-regidores-ya-no-sean-de-lista-y-que-sean-por-eleccion-en-el-2021","status":"publish","type":"post","link":"https:\/\/diariodigitalmx.com\/index.php\/2019\/06\/24\/quiere-mc-que-regidores-ya-no-sean-de-lista-y-que-sean-por-eleccion-en-el-2021\/","title":{"rendered":"Quiere MC que regidores ya no sean de lista; que se elijan en 2021"},"content":{"rendered":"\n<p><\/p>\n\n\n\n<p>Jessica Leal<\/p>\n\n\n\n<p>Monterrey, N L- &nbsp;Movimiento Ciudadano propone que los regidores sean electos para el 2021 pues considera que el actual sistema de regidur\u00edas por lista es caduco y anticuado.<br><\/p>\n\n\n\n<p>De acuerdo al senador Samuel Garc\u00eda, con el actual &nbsp;sistema hay una lista cerrada, donde el Alcalde siempre tienen la mayor\u00eda absoluta y es muy complicado operar para evitar tener licitaciones ama\u00f1adas, oscuras y cambiar reglamentos que luego son ilegales y en contra del ciudadano.<br><\/p>\n\n\n\n<p>&#8220;Aprovechemos para cambiar este sistema caduco y anticuado del regidor por lista que hoy en d\u00eda no funciona m\u00e1s que medi\u00e1ticamente, porque en los hechos los votos nunca van a alcanzar&#8221;, menciona Garc\u00eda, quien inform\u00f3 que solicitar\u00e1 &nbsp;se impulse en el Congreso del Estado una modificaci\u00f3n a la Ley Electoral y a\u00f1adir la figura de regidor electo.<\/p>\n\n\n\n<p>Considera el legislador que &nbsp;los cambios a la Ley Electoral deben ser con anticipaci\u00f3n al 2021, a\u00f1o de elecciones.<br><\/p>\n\n\n\n<p> Samuel Garc\u00eda, se reuni\u00f3 &nbsp;con los diputados locales Mariela Sald\u00edvar y Horacio Tijerina y los regidores de oposici\u00f3n Luis Armando Trevi\u00f1o Rosales, de Garc\u00eda; \u00c9dgar Daniel Ramos Leal, de Allende; Jos\u00e9 Arcadio Zendejas Espinoza, de San Nicol\u00e1s, y Juan Cervantes S\u00e1nchez, de Apodaca, los que dijo &nbsp;hacen toda su lucha.<br><\/p>\n\n\n\n<p>Todos coinciden en que las modificaciones se hagan ahora que se tocar\u00e1 la Ley Electoral para las reformas por paridad total, durante el periodo extraordinario del Congreso Local que inicia en septiembre pr\u00f3ximo.<\/p>\n\n\n\n<p><\/p>\n","protected":false},"excerpt":{"rendered":"<p>Jessica Leal Monterrey, N L- &nbsp;Movimiento Ciudadano propone que los regidores sean electos para el 2021 pues considera que el actual sistema de regidur\u00edas por lista es caduco y anticuado. De acuerdo al senador Samuel Garc\u00eda, con el actual &nbsp;sistema hay una lista cerrada, donde el Alcalde siempre tienen la mayor\u00eda absoluta y es muy [&hellip;]<\/p>\n","protected":false},"author":1,"featured_media":6431,"comment_status":"open","ping_status":"open","sticky":true,"template":"","format":"standard","meta":{"footnotes":""},"categories":[6],"tags":[],"_links":{"self":[{"href":"https:\/\/diariodigitalmx.com\/index.php\/wp-json\/wp\/v2\/posts\/6429"}],"collection":[{"href":"https:\/\/diariodigitalmx.com\/index.php\/wp-json\/wp\/v2\/posts"}],"about":[{"href":"https:\/\/diariodigitalmx.com\/index.php\/wp-json\/wp\/v2\/types\/post"}],"author":[{"embeddable":true,"href":"https:\/\/diariodigitalmx.com\/index.php\/wp-json\/wp\/v2\/users\/1"}],"replies":[{"embeddable":true,"href":"https:\/\/diariodigitalmx.com\/index.php\/wp-json\/wp\/v2\/comments?post=6429"}],"version-history":[{"count":2,"href":"https:\/\/diariodigitalmx.com\/index.php\/wp-json\/wp\/v2\/posts\/6429\/revisions"}],"predecessor-version":[{"id":6432,"href":"https:\/\/diariodigitalmx.com\/index.php\/wp-json\/wp\/v2\/posts\/6429\/revisions\/6432"}],"wp:featuredmedia":[{"embeddable":true,"href":"https:\/\/diariodigitalmx.com\/index.php\/wp-json\/wp\/v2\/media\/6431"}],"wp:attachment":[{"href":"https:\/\/diariodigitalmx.com\/index.php\/wp-json\/wp\/v2\/media?parent=6429"}],"wp:term":[{"taxonomy":"category","embeddable":true,"href":"https:\/\/diariodigitalmx.com\/index.php\/wp-json\/wp\/v2\/categories?post=6429"},{"taxonomy":"post_tag","embeddable":true,"href":"https:\/\/diariodigitalmx.com\/index.php\/wp-json\/wp\/v2\/tags?post=6429"}],"curies":[{"name":"wp","href":"https:\/\/api.w.org\/{rel}","templated":true}]}}