{"id":64291,"date":"2021-10-18T13:56:55","date_gmt":"2021-10-18T18:56:55","guid":{"rendered":"http:\/\/diariodigitalmx.com\/?p=64291"},"modified":"2021-10-18T14:01:43","modified_gmt":"2021-10-18T19:01:43","slug":"santa-lucia-vuelve-a-formato-presencial","status":"publish","type":"post","link":"https:\/\/diariodigitalmx.com\/index.php\/2021\/10\/18\/santa-lucia-vuelve-a-formato-presencial\/","title":{"rendered":"Santa Luc\u00eda vuelve a formato presencial"},"content":{"rendered":"\n<p>*<em>Participar\u00e1n m\u00e1s de mil artistas de 16 pa\u00edses<\/em><\/p>\n\n\n\n<p>Luis Cervantes<\/p>\n\n\n\n<p>La presidenta del patronato del Festival Internacional Santa Lucia, Lorena Canavati Von Borstel, anunci\u00f3 que la segunda etapa del evento podr\u00e1 disfrutarse en modo presencial y dio a conocer los detalles de la agenda cultural del festival.\u201cContamos con la participaci\u00f3n de m\u00e1s de mil cincuenta artistas, de 16 pa\u00edses\u201d indic\u00f3.<\/p>\n\n\n\n<p>El 24 de octubre dar\u00e1n inicio los eventos en la Explanada de los H\u00e9roes con el incre\u00edble estreno de \u201cCarta de Amor a Monterrey\u201d, que fue creado especialmente para el festival, el cual es dirigido por Jaime Lozano y La Familia.<\/p>\n\n\n\n<figure class=\"wp-block-image size-large\"><img loading=\"lazy\" decoding=\"async\" width=\"1024\" height=\"572\" src=\"http:\/\/diariodigitalmx.com\/wp-content\/uploads\/2021\/10\/Screenshot_20211018_135949_com.facebook.katana2-1024x572.jpg\" alt=\"\" class=\"wp-image-64297\" srcset=\"https:\/\/diariodigitalmx.com\/wp-content\/uploads\/2021\/10\/Screenshot_20211018_135949_com.facebook.katana2-1024x572.jpg 1024w, https:\/\/diariodigitalmx.com\/wp-content\/uploads\/2021\/10\/Screenshot_20211018_135949_com.facebook.katana2-300x168.jpg 300w, https:\/\/diariodigitalmx.com\/wp-content\/uploads\/2021\/10\/Screenshot_20211018_135949_com.facebook.katana2-768x429.jpg 768w, https:\/\/diariodigitalmx.com\/wp-content\/uploads\/2021\/10\/Screenshot_20211018_135949_com.facebook.katana2.jpg 1080w\" sizes=\"(max-width: 1024px) 100vw, 1024px\" \/><\/figure>\n\n\n\n<p>Se inform\u00f3 sobre otros dos espect\u00e1culos: la \u201cGala Levitar\u201d, del Ballet de Monterrey y \u201cHecho en M\u00e9xico para el Mundo\u201d, con Aida Cuevas, Ely Guerra, Kalimba, Mariachi Gama 1000 y La Orquesta Filarm\u00f3nica del Desierto; con este \u00faltimo se clausura el festival el 7 de noviembre.<\/p>\n\n\n\n<p>Durante toda la jornada se har\u00e1 uso de la tecnolog\u00eda digital para mostrar espect\u00e1culos fascinantes, reunidos en una agenda 70 por ciento nacional y local, y 30 por ciento internacional.<\/p>\n\n\n\n<p>\u201cEn total habr\u00e1 256 eventos, en los que participan mil 057 artistas, 43 compa\u00f1\u00edas, 128 instituciones y 37 patrocinadores. Se tienen contemplados 58 eventos, en 24 municipios\u201d precis\u00f3 Canavati .<\/p>\n\n\n\n<figure class=\"wp-block-image size-large\"><img loading=\"lazy\" decoding=\"async\" width=\"986\" height=\"627\" src=\"http:\/\/diariodigitalmx.com\/wp-content\/uploads\/2021\/10\/IMG-20211018-WA0019.jpg\" alt=\"\" class=\"wp-image-64295\" srcset=\"https:\/\/diariodigitalmx.com\/wp-content\/uploads\/2021\/10\/IMG-20211018-WA0019.jpg 986w, https:\/\/diariodigitalmx.com\/wp-content\/uploads\/2021\/10\/IMG-20211018-WA0019-300x191.jpg 300w, https:\/\/diariodigitalmx.com\/wp-content\/uploads\/2021\/10\/IMG-20211018-WA0019-768x488.jpg 768w\" sizes=\"(max-width: 986px) 100vw, 986px\" \/><\/figure>\n\n\n\n<p>Algunos de los espect\u00e1culos son: \u201cM\u00e9xico Inclusivo\u201d, en el que participan talentosos j\u00f3venes del grupo de danza folkl\u00f3rica del Cree del DIF Estatal.<\/p>\n\n\n\n<p>De igual forma, la compa\u00f1\u00eda brasile\u00f1a \u201cCores de Aide\u201d y el espect\u00e1culo \u201cAlebrijes Iluminados\u201d, entre muchos m\u00e1s.<\/p>\n\n\n\n<p>La presentaci\u00f3n de la segunda etapa de la agenda cultural estuvo presidida por el gobernador del Estado de Nuevo Le\u00f3n, Samuel Garc\u00eda Sep\u00falveda, as\u00ed como parte de su gabinete de igualdad e inclusi\u00f3n y su esposa Mariana Rodr\u00edguez.<\/p>\n\n\n\n<p>Durante la presentaci\u00f3n se inform\u00f3 sobre el protocolo contra el covid que ser\u00e1 implementado en los eventos presenciales, para cumplir con los indicadores del sem\u00e1foro de Salud del Estado de Nuevo Le\u00f3n.<\/p>\n\n\n\n<p>Asimismo, se dio a conocer que continuar\u00e1n los di\u00e1logos, las exposiciones de Las Artes Monterrey y Cemex-Nature; los reality show de la convocatoria Nuevo Talento Nuevo Le\u00f3n y la serie gastron\u00f3mica \u201cNuevo Le\u00f3n Sabe Bien\u201d entre muchas actividades m\u00e1s.<\/p>\n","protected":false},"excerpt":{"rendered":"<p>*Participar\u00e1n m\u00e1s de mil artistas de 16 pa\u00edses Luis Cervantes La presidenta del patronato del Festival Internacional Santa Lucia, Lorena Canavati Von Borstel, anunci\u00f3 que la segunda etapa del evento podr\u00e1 disfrutarse en modo presencial y dio a conocer los detalles de la agenda cultural del festival.\u201cContamos con la participaci\u00f3n de m\u00e1s de mil cincuenta [&hellip;]<\/p>\n","protected":false},"author":1,"featured_media":64293,"comment_status":"open","ping_status":"open","sticky":true,"template":"","format":"standard","meta":{"footnotes":""},"categories":[11,3],"tags":[],"_links":{"self":[{"href":"https:\/\/diariodigitalmx.com\/index.php\/wp-json\/wp\/v2\/posts\/64291"}],"collection":[{"href":"https:\/\/diariodigitalmx.com\/index.php\/wp-json\/wp\/v2\/posts"}],"about":[{"href":"https:\/\/diariodigitalmx.com\/index.php\/wp-json\/wp\/v2\/types\/post"}],"author":[{"embeddable":true,"href":"https:\/\/diariodigitalmx.com\/index.php\/wp-json\/wp\/v2\/users\/1"}],"replies":[{"embeddable":true,"href":"https:\/\/diariodigitalmx.com\/index.php\/wp-json\/wp\/v2\/comments?post=64291"}],"version-history":[{"count":4,"href":"https:\/\/diariodigitalmx.com\/index.php\/wp-json\/wp\/v2\/posts\/64291\/revisions"}],"predecessor-version":[{"id":64298,"href":"https:\/\/diariodigitalmx.com\/index.php\/wp-json\/wp\/v2\/posts\/64291\/revisions\/64298"}],"wp:featuredmedia":[{"embeddable":true,"href":"https:\/\/diariodigitalmx.com\/index.php\/wp-json\/wp\/v2\/media\/64293"}],"wp:attachment":[{"href":"https:\/\/diariodigitalmx.com\/index.php\/wp-json\/wp\/v2\/media?parent=64291"}],"wp:term":[{"taxonomy":"category","embeddable":true,"href":"https:\/\/diariodigitalmx.com\/index.php\/wp-json\/wp\/v2\/categories?post=64291"},{"taxonomy":"post_tag","embeddable":true,"href":"https:\/\/diariodigitalmx.com\/index.php\/wp-json\/wp\/v2\/tags?post=64291"}],"curies":[{"name":"wp","href":"https:\/\/api.w.org\/{rel}","templated":true}]}}