{"id":64379,"date":"2021-10-19T08:09:52","date_gmt":"2021-10-19T13:09:52","guid":{"rendered":"http:\/\/diariodigitalmx.com\/?p=64379"},"modified":"2021-10-19T08:10:35","modified_gmt":"2021-10-19T13:10:35","slug":"comparece-trump-por-demanda-civil-en-nueva-york","status":"publish","type":"post","link":"https:\/\/diariodigitalmx.com\/index.php\/2021\/10\/19\/comparece-trump-por-demanda-civil-en-nueva-york\/","title":{"rendered":"Comparece Trump por demanda civil en Nueva York"},"content":{"rendered":"\n<p><\/p>\n\n\n\n<p>Por Rogelio Romero<\/p>\n\n\n\n<p>Estados Unidos.- El ex presidente Donald Trump compareci\u00f3 y dio su testimonio por varias horas, en el caso de una demanda civil interpuesta por un grupo de activistas, esto por supuestas agresiones sufridas en Septiembre del 2015, cuando estos protestaban en la entrada de la torre comercial propiedad del ex mandatario.<\/p>\n\n\n\n<p>Tras terminada la comparecencia el ex mandatario emiti\u00f3 un comunicado donde se\u00f1ala que \u201cla corte desestimo la mayor\u00eda de los argumentos presentados por los demandantes y que est0 era una situaci\u00f3n rid\u00edcula, adem\u00e1s de que esperaba que tras a\u00f1os de litigio esto acabe pronto\u201d.<\/p>\n\n\n\n<p>La demanda se\u00f1ala que el grupo de activistas de origen mexicano fueron agredidos f\u00edsicamente por el equipo de seguridad de Trump, esto cuando protestaban debido a las aseveraciones de racismo que el entonces candidato presidencial emit\u00eda contra los mexicanos.<\/p>\n\n\n\n<p>Trump llego a decir que entre los migrantes indocumentados mexicanos hab\u00eda \u201ccriminales y \u201cvioladores\u201d lo que utiliz\u00f3 como parte de su plataforma pol\u00edtica durante la campa\u00f1a presidencial del 2016 para convencer a&nbsp;&nbsp;l0s grupos de electores de ultraderecha de que votaran por \u00e9l.&nbsp;&nbsp;<\/p>\n\n\n\n<p>Ambas partes concuerdan en que hubo un altercado en la entrada del edificio ese dia, la defensa de Trump se\u00f1ala que el personal de seguridad solo cumpli\u00f3 con desalojar a los que protestaban porque estaban bloqueando las puertas de entrada a la torre, mientras el abogado demandante lega que se registr\u00f3 una agresi\u00f3n f\u00edsica contra sus representados.<\/p>\n\n\n\n<p>El abogado del grupo demandante&nbsp;&nbsp;en este caso de nombre Benjam\u00edn Dictor, resalt\u00f3 la iron\u00eda y retorica con la que siempre responde el ex mandatario, y se\u00f1al\u00f3 que espera presentar el testimonio juramentado de Trump, a un jurado para que se decida sobre la demanda.<\/p>\n\n\n\n<p>Resalt\u00f3 que la comparecencia de Trump bajo juramento no fue diferente a las dem\u00e1s, y que desde las 10AM y por varias horas rindi\u00f3 su declaraci\u00f3n acompa\u00f1ado por un abogado.<\/p>\n\n\n\n<p>\u201cLas aceras p\u00fablicas son sagradas, se\u00f1al\u00f3 el abogado Dictor en referencia a la agresi\u00f3n sufrida por los activistas y remat\u00f3: \u201cEl se\u00f1or Trump tiene que hacerse responsable de sus acciones\u201d.<\/p>\n","protected":false},"excerpt":{"rendered":"<p>Por Rogelio Romero Estados Unidos.- El ex presidente Donald Trump compareci\u00f3 y dio su testimonio por varias horas, en el caso de una demanda civil interpuesta por un grupo de activistas, esto por supuestas agresiones sufridas en Septiembre del 2015, cuando estos protestaban en la entrada de la torre comercial propiedad del ex mandatario. Tras [&hellip;]<\/p>\n","protected":false},"author":1,"featured_media":64381,"comment_status":"open","ping_status":"open","sticky":true,"template":"","format":"standard","meta":{"footnotes":""},"categories":[4],"tags":[],"_links":{"self":[{"href":"https:\/\/diariodigitalmx.com\/index.php\/wp-json\/wp\/v2\/posts\/64379"}],"collection":[{"href":"https:\/\/diariodigitalmx.com\/index.php\/wp-json\/wp\/v2\/posts"}],"about":[{"href":"https:\/\/diariodigitalmx.com\/index.php\/wp-json\/wp\/v2\/types\/post"}],"author":[{"embeddable":true,"href":"https:\/\/diariodigitalmx.com\/index.php\/wp-json\/wp\/v2\/users\/1"}],"replies":[{"embeddable":true,"href":"https:\/\/diariodigitalmx.com\/index.php\/wp-json\/wp\/v2\/comments?post=64379"}],"version-history":[{"count":1,"href":"https:\/\/diariodigitalmx.com\/index.php\/wp-json\/wp\/v2\/posts\/64379\/revisions"}],"predecessor-version":[{"id":64380,"href":"https:\/\/diariodigitalmx.com\/index.php\/wp-json\/wp\/v2\/posts\/64379\/revisions\/64380"}],"wp:featuredmedia":[{"embeddable":true,"href":"https:\/\/diariodigitalmx.com\/index.php\/wp-json\/wp\/v2\/media\/64381"}],"wp:attachment":[{"href":"https:\/\/diariodigitalmx.com\/index.php\/wp-json\/wp\/v2\/media?parent=64379"}],"wp:term":[{"taxonomy":"category","embeddable":true,"href":"https:\/\/diariodigitalmx.com\/index.php\/wp-json\/wp\/v2\/categories?post=64379"},{"taxonomy":"post_tag","embeddable":true,"href":"https:\/\/diariodigitalmx.com\/index.php\/wp-json\/wp\/v2\/tags?post=64379"}],"curies":[{"name":"wp","href":"https:\/\/api.w.org\/{rel}","templated":true}]}}