{"id":64382,"date":"2021-10-19T08:11:54","date_gmt":"2021-10-19T13:11:54","guid":{"rendered":"http:\/\/diariodigitalmx.com\/?p=64382"},"modified":"2021-10-19T08:12:33","modified_gmt":"2021-10-19T13:12:33","slug":"trump-presenta-demanda-para-bloquear-informacion-sobre-toma-del-capitolio","status":"publish","type":"post","link":"https:\/\/diariodigitalmx.com\/index.php\/2021\/10\/19\/trump-presenta-demanda-para-bloquear-informacion-sobre-toma-del-capitolio\/","title":{"rendered":"Trump presenta demanda para bloquear informaci\u00f3n sobre toma del Capitolio"},"content":{"rendered":"\n<p><\/p>\n\n\n\n<p>Por Rogelio Romero\/Corresponsal<\/p>\n\n\n\n<p>Washington.- El ex presidente Donald Trump present\u00f3 una demanda que pretende bloquear el acceso a los archivos presidenciales referentes a la insurreccion del pasado 6 de enero y, que llev\u00f3 a una turba de sus fan\u00e1ticos a la toma del Capitolio.<\/p>\n\n\n\n<p>El abogado del ex presidente republicano Jessie Binnall solicit\u00f3 a una corte en Washington, rechazar la petici\u00f3n del Comit\u00e9 Legislativo que investiga el desempe\u00f1o de Trump como poder ejecutivo durante el desarrollo de los violentos hechos ocurridos ese d\u00eda.<\/p>\n\n\n\n<p>Binnall argumenta en la demanda presentada que los documentos no deber\u00e1n ser revelados al Comit\u00e9 o a quienes los soliciten, sin que antes el ex presidente Trump los revise y conozca el material que se quiere hacer p\u00fablico.<\/p>\n\n\n\n<p>Al Comit\u00e9 Legislativo que investiga como ocurrieron los violentos hechos que llevaron a la toma del Capitolio que es la sede del congreso de Estados Unidos, le interesa saber sobre el entorno de comunicaciones que sostuvo el ex mandatario durante el desarrollo de la insurrecci\u00f3n.<\/p>\n\n\n\n<p>El presidente Joe Biden hab\u00eda ordenado al Archivo Nacional la liberaci\u00f3n del material solicitado por los legisladores, pero esto se har\u00eda sino exist\u00eda alguna demanda o oposici\u00f3n legal por parte de Trump, lo que finalmente sucedi\u00f3.<\/p>\n\n\n\n<p>Ahora ser\u00e1 el poder judicial el que decida si la informaci\u00f3n solicitada por el comit\u00e9 legislativo procede, o si el ex mandatario de corte republicano conserva sus derechos de privilegio presidencial y los archivos contin\u00faan siendo privados.<\/p>\n","protected":false},"excerpt":{"rendered":"<p>Por Rogelio Romero\/Corresponsal Washington.- El ex presidente Donald Trump present\u00f3 una demanda que pretende bloquear el acceso a los archivos presidenciales referentes a la insurreccion del pasado 6 de enero y, que llev\u00f3 a una turba de sus fan\u00e1ticos a la toma del Capitolio. El abogado del ex presidente republicano Jessie Binnall solicit\u00f3 a una [&hellip;]<\/p>\n","protected":false},"author":1,"featured_media":64384,"comment_status":"open","ping_status":"open","sticky":true,"template":"","format":"standard","meta":{"footnotes":""},"categories":[4],"tags":[],"_links":{"self":[{"href":"https:\/\/diariodigitalmx.com\/index.php\/wp-json\/wp\/v2\/posts\/64382"}],"collection":[{"href":"https:\/\/diariodigitalmx.com\/index.php\/wp-json\/wp\/v2\/posts"}],"about":[{"href":"https:\/\/diariodigitalmx.com\/index.php\/wp-json\/wp\/v2\/types\/post"}],"author":[{"embeddable":true,"href":"https:\/\/diariodigitalmx.com\/index.php\/wp-json\/wp\/v2\/users\/1"}],"replies":[{"embeddable":true,"href":"https:\/\/diariodigitalmx.com\/index.php\/wp-json\/wp\/v2\/comments?post=64382"}],"version-history":[{"count":1,"href":"https:\/\/diariodigitalmx.com\/index.php\/wp-json\/wp\/v2\/posts\/64382\/revisions"}],"predecessor-version":[{"id":64383,"href":"https:\/\/diariodigitalmx.com\/index.php\/wp-json\/wp\/v2\/posts\/64382\/revisions\/64383"}],"wp:featuredmedia":[{"embeddable":true,"href":"https:\/\/diariodigitalmx.com\/index.php\/wp-json\/wp\/v2\/media\/64384"}],"wp:attachment":[{"href":"https:\/\/diariodigitalmx.com\/index.php\/wp-json\/wp\/v2\/media?parent=64382"}],"wp:term":[{"taxonomy":"category","embeddable":true,"href":"https:\/\/diariodigitalmx.com\/index.php\/wp-json\/wp\/v2\/categories?post=64382"},{"taxonomy":"post_tag","embeddable":true,"href":"https:\/\/diariodigitalmx.com\/index.php\/wp-json\/wp\/v2\/tags?post=64382"}],"curies":[{"name":"wp","href":"https:\/\/api.w.org\/{rel}","templated":true}]}}