{"id":6439,"date":"2019-06-24T15:53:19","date_gmt":"2019-06-24T20:53:19","guid":{"rendered":"http:\/\/diariodigitalmx.com\/?p=6439"},"modified":"2019-06-24T15:53:20","modified_gmt":"2019-06-24T20:53:20","slug":"surge-frente-amplio-por-nuevo-leon-rumbo-al-2021","status":"publish","type":"post","link":"https:\/\/diariodigitalmx.com\/index.php\/2019\/06\/24\/surge-frente-amplio-por-nuevo-leon-rumbo-al-2021\/","title":{"rendered":"Surge Frente Amplio por Nuevo Le\u00f3n, rumbo al 2021"},"content":{"rendered":"\n<p>Por Francisco J. Pe\u00f1a Medina &nbsp;&nbsp;<br><\/p>\n\n\n\n<p>A dos a\u00f1os de los comicios electorales del 2021, un grupo de activistas sociales de Nuevo Le\u00f3n anunci\u00f3 la plataforma \u201cFrente Amplio Nuevoleones\u201d, con el prop\u00f3sito de conformar un proyecto pol\u00edtico desde la ciudadan\u00eda que rija a los aspirantes a puestos de elecci\u00f3n popular en el Estado. <br><\/p>\n\n\n\n<p>La propuesta surge a iniciativa &nbsp;&nbsp;del diputado federal, Santiago Gonz\u00e1lez Soto y fue dada a conocer durante una rueda de prensa en la que estuvieron presentes el l\u00edder social, Pedro Alejo Rodr\u00edguez Mart\u00ednez \u201cFufito\u201d, Nora Garza, Jos\u00e9 Mar\u00eda Herme y Julio Ernesto Gonz\u00e1lez, ellos tres, ciudadanos consejeros en diversas instituciones locales.<br><\/p>\n\n\n\n<p>El plan de este bloque, &nbsp;es convocar a empresarios, acad\u00e9micos, ambientalistas, universidades, sindicatos, profesionistas, medios de comunicaci\u00f3n, estudiantes, intelectuales y miembros de la sociedad civil para promover un plan de desarrollo trasexenal por los pr\u00f3ximos 30 a\u00f1os que vele por los intereses ciudadanos y no personales.<br><\/p>\n\n\n\n<p>\u201cEn este Frente Amplio no importa la religi\u00f3n, ni los colores, ni los partidos, lo que importa es Nuevo Le\u00f3n, todos aquellos que sean expertos en una materia, los que sean miembros de los colegios de profesionistas que se acerquen porque en este frente vamos a escuchar todas las propuestas\u201d, expres\u00f3 Gonz\u00e1lez Soto.<br><\/p>\n\n\n\n<p>El legislador, postulado por el Partido del Trabajo pero surgido de la sociedad civil, afirm\u00f3 que en el FAN habr\u00e1n de analizarse temas relacionados con seguridad, ecolog\u00eda, vialidad, educaci\u00f3n, salud y transporte a fin de integrar una agenda de propuestas que ser\u00e1 incluida en el plan de campa\u00f1a de los candidatos ciudadanos posicionados por el FAN. <br><\/p>\n\n\n\n<p>Adem\u00e1s &nbsp;la plataforma busca encontrar a los perfiles m\u00e1s capacitados para gobernar y que puedan ser postulados por los partidos pol\u00edticos emergentes o aquellos que abren sus candados a los no militantes, ante la dificultad de obtener una candidatura independiente, manifest\u00f3 por su parte \u201cFufito\u201d.<br><\/p>\n\n\n\n<p>\u201cLas candidaturas independientes son imposibles. Yo ya lo viv\u00ed. \u00bfC\u00f3mo le vamos a hacer? hay partidos emergentes, que sirvan para lo que son: como meras franquicias a los candidatos de este bloque, que jueguen elecciones y lleguen a las posiciones, pero no con el sentido de pertenencia de un partido sino de ser ciudadanos de Nuevo Le\u00f3n\u201d, expres\u00f3 el l\u00edder de Ciudadano Empoderado.<br><\/p>\n\n\n\n<p>El objetivo es que ciudadanos por medio de instituciones pol\u00edticas- puedan llegar a competir por la gubernativa, las ocho alcald\u00edas metropolitanas y los 26 distritos locales. Al cuestionarles la viabilidad de que partidos abran sus candidaturas a ciudadanos con agenda propia, el diputado federal, Santiago Gonz\u00e1lez, indic\u00f3 que s\u00ed existen instituciones pol\u00edticas que lo permiten como el PT, Morena o Partido Verde.<\/p>\n","protected":false},"excerpt":{"rendered":"<p>Por Francisco J. Pe\u00f1a Medina &nbsp;&nbsp; A dos a\u00f1os de los comicios electorales del 2021, un grupo de activistas sociales de Nuevo Le\u00f3n anunci\u00f3 la plataforma \u201cFrente Amplio Nuevoleones\u201d, con el prop\u00f3sito de conformar un proyecto pol\u00edtico desde la ciudadan\u00eda que rija a los aspirantes a puestos de elecci\u00f3n popular en el Estado. La propuesta [&hellip;]<\/p>\n","protected":false},"author":1,"featured_media":6441,"comment_status":"open","ping_status":"open","sticky":true,"template":"","format":"standard","meta":{"footnotes":""},"categories":[14,6],"tags":[],"_links":{"self":[{"href":"https:\/\/diariodigitalmx.com\/index.php\/wp-json\/wp\/v2\/posts\/6439"}],"collection":[{"href":"https:\/\/diariodigitalmx.com\/index.php\/wp-json\/wp\/v2\/posts"}],"about":[{"href":"https:\/\/diariodigitalmx.com\/index.php\/wp-json\/wp\/v2\/types\/post"}],"author":[{"embeddable":true,"href":"https:\/\/diariodigitalmx.com\/index.php\/wp-json\/wp\/v2\/users\/1"}],"replies":[{"embeddable":true,"href":"https:\/\/diariodigitalmx.com\/index.php\/wp-json\/wp\/v2\/comments?post=6439"}],"version-history":[{"count":2,"href":"https:\/\/diariodigitalmx.com\/index.php\/wp-json\/wp\/v2\/posts\/6439\/revisions"}],"predecessor-version":[{"id":6442,"href":"https:\/\/diariodigitalmx.com\/index.php\/wp-json\/wp\/v2\/posts\/6439\/revisions\/6442"}],"wp:featuredmedia":[{"embeddable":true,"href":"https:\/\/diariodigitalmx.com\/index.php\/wp-json\/wp\/v2\/media\/6441"}],"wp:attachment":[{"href":"https:\/\/diariodigitalmx.com\/index.php\/wp-json\/wp\/v2\/media?parent=6439"}],"wp:term":[{"taxonomy":"category","embeddable":true,"href":"https:\/\/diariodigitalmx.com\/index.php\/wp-json\/wp\/v2\/categories?post=6439"},{"taxonomy":"post_tag","embeddable":true,"href":"https:\/\/diariodigitalmx.com\/index.php\/wp-json\/wp\/v2\/tags?post=6439"}],"curies":[{"name":"wp","href":"https:\/\/api.w.org\/{rel}","templated":true}]}}