{"id":6454,"date":"2019-06-24T17:18:13","date_gmt":"2019-06-24T22:18:13","guid":{"rendered":"http:\/\/diariodigitalmx.com\/?p=6454"},"modified":"2019-06-24T17:18:14","modified_gmt":"2019-06-24T22:18:14","slug":"se-jubila-frida-la-perrita-heroe-del-rescatismo","status":"publish","type":"post","link":"https:\/\/diariodigitalmx.com\/index.php\/2019\/06\/24\/se-jubila-frida-la-perrita-heroe-del-rescatismo\/","title":{"rendered":"Se jubila Frida, la perrita h\u00e9roe del rescatismo"},"content":{"rendered":"\n<p>&#8220;Frida&#8221;, la extra\u00f1able perrita que particip\u00f3 en el rescate de v\u00edctimas de los sismos de septiembre de 2017, se jubil\u00f3 en la Unidad Canina de la Secretar\u00eda de Marina Armada de M\u00e9xico (Semar).<\/p>\n\n\n\n<p>En la Ceremonia en conmemoraci\u00f3n al D\u00eda Internacional del Rescatista, la Marina&nbsp;destac\u00f3 la labor de la veterana adscrita al Departamento de Control Canino de la dependencia, ubicada en la alcald\u00eda Coyoac\u00e1n, en la Ciudad de M\u00e9xico.<\/p>\n\n\n\n<p>&#8220;Frida&#8221;, quien naci\u00f3 hace 10 a\u00f1os y tiene una edad canina de 70, continuar\u00e1 en esas instalaciones para colaborar con el entrenamiento de los nuevos elementos caninos en la b\u00fasqueda t\u00e9cnica, como es el caso de los hermanos &#8220;Ecko&#8221; y &#8220;Evil&#8221;, dos j\u00f3venes pastores belgas malinois que destacan por su vigor, agilidad e inteligencia.<\/p>\n\n\n\n<p>Junto con &#8220;Ecko&#8221; y &#8220;Evil&#8221;, form\u00f3 parte de los equipos que acudieron a las labores de rescate llevadas a cabo por la Marina Armada de M\u00e9xico tras los movimientos tel\u00faricos de septiembre de 2017 en la capital del pa\u00eds.<\/p>\n\n\n\n<p>De acuerdo con informaci\u00f3n de la Semar, la perrita labrador cuenta con 53 localizaciones en estructuras colapsadas y deslaves: 12 han sido personas vivas y 41 cuerpos. Las v\u00edctimas vivas las rescataron tras el sismo de Hait\u00ed, el 12 de enero de 2010.<\/p>\n\n\n\n<p>Tambi\u00e9n apoy\u00f3 en la b\u00fasqueda de v\u00edctimas durante la explosi\u00f3n en la Torre de Pemex, el 31 de enero de 2013, en la colonia Anzures, alcald\u00eda Miguel Hidalgo; el deslave de Guatemala, el 7 de noviembre de 2012; el sismo de Ecuador el 16 de abril de 2016.<\/p>\n\n\n\n<p>En M\u00e9xico, acompa\u00f1ada por &#8220;Ecko&#8221; y &#8220;Evil&#8221;, en Juchit\u00e1n, Oaxaca, tuvo una participaci\u00f3n activa tras los sismos del 7 de septiembre de 2017, y el del 19 de septiembre del mismo a\u00f1o en la capital del pa\u00eds.<\/p>\n\n\n\n<p>Ello le vali\u00f3 el cari\u00f1o y el reconocimiento de miles de mexicanos que vieron en ella al s\u00edmbolo de la solidaridad y fortaleza de los mexicanos ante la tragedia.<\/p>\n","protected":false},"excerpt":{"rendered":"<p>&#8220;Frida&#8221;, la extra\u00f1able perrita que particip\u00f3 en el rescate de v\u00edctimas de los sismos de septiembre de 2017, se jubil\u00f3 en la Unidad Canina de la Secretar\u00eda de Marina Armada de M\u00e9xico (Semar). En la Ceremonia en conmemoraci\u00f3n al D\u00eda Internacional del Rescatista, la Marina&nbsp;destac\u00f3 la labor de la veterana adscrita al Departamento de Control [&hellip;]<\/p>\n","protected":false},"author":1,"featured_media":6456,"comment_status":"open","ping_status":"open","sticky":true,"template":"","format":"standard","meta":{"footnotes":""},"categories":[14,2],"tags":[],"_links":{"self":[{"href":"https:\/\/diariodigitalmx.com\/index.php\/wp-json\/wp\/v2\/posts\/6454"}],"collection":[{"href":"https:\/\/diariodigitalmx.com\/index.php\/wp-json\/wp\/v2\/posts"}],"about":[{"href":"https:\/\/diariodigitalmx.com\/index.php\/wp-json\/wp\/v2\/types\/post"}],"author":[{"embeddable":true,"href":"https:\/\/diariodigitalmx.com\/index.php\/wp-json\/wp\/v2\/users\/1"}],"replies":[{"embeddable":true,"href":"https:\/\/diariodigitalmx.com\/index.php\/wp-json\/wp\/v2\/comments?post=6454"}],"version-history":[{"count":1,"href":"https:\/\/diariodigitalmx.com\/index.php\/wp-json\/wp\/v2\/posts\/6454\/revisions"}],"predecessor-version":[{"id":6455,"href":"https:\/\/diariodigitalmx.com\/index.php\/wp-json\/wp\/v2\/posts\/6454\/revisions\/6455"}],"wp:featuredmedia":[{"embeddable":true,"href":"https:\/\/diariodigitalmx.com\/index.php\/wp-json\/wp\/v2\/media\/6456"}],"wp:attachment":[{"href":"https:\/\/diariodigitalmx.com\/index.php\/wp-json\/wp\/v2\/media?parent=6454"}],"wp:term":[{"taxonomy":"category","embeddable":true,"href":"https:\/\/diariodigitalmx.com\/index.php\/wp-json\/wp\/v2\/categories?post=6454"},{"taxonomy":"post_tag","embeddable":true,"href":"https:\/\/diariodigitalmx.com\/index.php\/wp-json\/wp\/v2\/tags?post=6454"}],"curies":[{"name":"wp","href":"https:\/\/api.w.org\/{rel}","templated":true}]}}