{"id":64553,"date":"2021-10-21T20:02:48","date_gmt":"2021-10-22T01:02:48","guid":{"rendered":"http:\/\/diariodigitalmx.com\/?p=64553"},"modified":"2021-10-21T20:03:36","modified_gmt":"2021-10-22T01:03:36","slug":"acusa-coparmex-que-miscelanea-fiscal-promueve-terrorismo-fiscal","status":"publish","type":"post","link":"https:\/\/diariodigitalmx.com\/index.php\/2021\/10\/21\/acusa-coparmex-que-miscelanea-fiscal-promueve-terrorismo-fiscal\/","title":{"rendered":"Acusa Coparmex que miscel\u00e1nea fiscal promueve terrorismo fiscal"},"content":{"rendered":"\n<p>La Confederaci\u00f3n Patronal de la Rep\u00fablica Mexicana acus\u00f3 que la miscel\u00e1nea fiscal 2022, promueve el &#8220;terrorismo fiscal&#8221; y atenta contra los j\u00f3venes.&nbsp;<\/p>\n\n\n\n<p>&#8220;Reiteramos nuestro llamado a los Senadores de la Rep\u00fablica para que en un ejercicio de profundo an\u00e1lisis, en el que se atiendan las propuestas, planteamientos e inquietudes de la sociedad, legislen y reviertan las profundas deficiencias de una miscel\u00e1nea que, como la que fue aprobada por los diputados, atenta contra los j\u00f3venes, contra el bienestar y promueve el &#8216;terrorismo fiscal'&#8221;, solicit\u00f3 el organismo patronal.<\/p>\n\n\n\n<p>Acusa tambi\u00e9n, que la obligaci\u00f3n de que las personas mayores de edad se inscriban en el Registro Federal de Contribuyentes, a\u00fan y cuando no tengan ingresos y no exista la obligaci\u00f3n de presentar declaraciones, hace pensar que esta medida \u00fanicamente busca un mayor control por parte de las autoridades.&nbsp;<\/p>\n\n\n\n<p>Limitar la deducibilidad de los donativos que las personas f\u00edsicas pueden realizar tendr\u00e1 efectos negativos en la labor de asistencia social que brindan las donatarias, agrega en un comunicado.&nbsp;<\/p>\n\n\n\n<p>Puntualiza que en la reci\u00e9n aprobada miscel\u00e1nea existen mecanismos como la facultad de la autoridad fiscal de rechazar la solicitud de Firma Electr\u00f3nica Avanzada o de Certificado de Sello Digital.&nbsp;<\/p>\n","protected":false},"excerpt":{"rendered":"<p>La Confederaci\u00f3n Patronal de la Rep\u00fablica Mexicana acus\u00f3 que la miscel\u00e1nea fiscal 2022, promueve el &#8220;terrorismo fiscal&#8221; y atenta contra los j\u00f3venes.&nbsp; &#8220;Reiteramos nuestro llamado a los Senadores de la Rep\u00fablica para que en un ejercicio de profundo an\u00e1lisis, en el que se atiendan las propuestas, planteamientos e inquietudes de la sociedad, legislen y reviertan [&hellip;]<\/p>\n","protected":false},"author":1,"featured_media":64555,"comment_status":"open","ping_status":"open","sticky":true,"template":"","format":"standard","meta":{"footnotes":""},"categories":[2,3],"tags":[],"_links":{"self":[{"href":"https:\/\/diariodigitalmx.com\/index.php\/wp-json\/wp\/v2\/posts\/64553"}],"collection":[{"href":"https:\/\/diariodigitalmx.com\/index.php\/wp-json\/wp\/v2\/posts"}],"about":[{"href":"https:\/\/diariodigitalmx.com\/index.php\/wp-json\/wp\/v2\/types\/post"}],"author":[{"embeddable":true,"href":"https:\/\/diariodigitalmx.com\/index.php\/wp-json\/wp\/v2\/users\/1"}],"replies":[{"embeddable":true,"href":"https:\/\/diariodigitalmx.com\/index.php\/wp-json\/wp\/v2\/comments?post=64553"}],"version-history":[{"count":1,"href":"https:\/\/diariodigitalmx.com\/index.php\/wp-json\/wp\/v2\/posts\/64553\/revisions"}],"predecessor-version":[{"id":64554,"href":"https:\/\/diariodigitalmx.com\/index.php\/wp-json\/wp\/v2\/posts\/64553\/revisions\/64554"}],"wp:featuredmedia":[{"embeddable":true,"href":"https:\/\/diariodigitalmx.com\/index.php\/wp-json\/wp\/v2\/media\/64555"}],"wp:attachment":[{"href":"https:\/\/diariodigitalmx.com\/index.php\/wp-json\/wp\/v2\/media?parent=64553"}],"wp:term":[{"taxonomy":"category","embeddable":true,"href":"https:\/\/diariodigitalmx.com\/index.php\/wp-json\/wp\/v2\/categories?post=64553"},{"taxonomy":"post_tag","embeddable":true,"href":"https:\/\/diariodigitalmx.com\/index.php\/wp-json\/wp\/v2\/tags?post=64553"}],"curies":[{"name":"wp","href":"https:\/\/api.w.org\/{rel}","templated":true}]}}