{"id":64609,"date":"2021-10-22T15:20:45","date_gmt":"2021-10-22T20:20:45","guid":{"rendered":"http:\/\/diariodigitalmx.com\/?p=64609"},"modified":"2021-10-22T15:21:20","modified_gmt":"2021-10-22T20:21:20","slug":"decreta-alemania-alerta-para-viajar-a-riviera-maya-mexicana","status":"publish","type":"post","link":"https:\/\/diariodigitalmx.com\/index.php\/2021\/10\/22\/decreta-alemania-alerta-para-viajar-a-riviera-maya-mexicana\/","title":{"rendered":"Decreta Alemania alerta para viajar a Riviera Maya mexicana"},"content":{"rendered":"\n<p>Ahora Alemania decret\u00f3 una alerta de viajes a la Riviera Maya mexicana luego de hechos delictivos registrados recientemente.&nbsp;<\/p>\n\n\n\n<p>El Ministerio de Relaciones pide a sus ciudadanos tomar precauciones de viajar a esa regi\u00f3n, espec\u00edficamente a Playa del Carmen y Tulum.<\/p>\n\n\n\n<p>En la p\u00e1gina del Ministerio de Relaciones Exteriores de Alemania, aparece esta alerta en la que se exponen han ocurrido incidentes violentos y dram\u00e1ticos.<\/p>\n\n\n\n<p>La alerta se emite un d\u00eda despu\u00e9s de la balacera ocurrida en el restaurante \u201cLa Malquerida\u201d en el centro de Tulum, que dej\u00f3 como saldo dos personas muertas y tres heridas, una v\u00edctima de origen alem\u00e1n y otra de la India.<\/p>\n\n\n\n<p>Se alerta que en la Riviera Maya mexicana, y en particular en Tulum y Playa del Carmen, se han producido ataques, \u201cse han producido incidentes y ataques en las \u00faltimas semanas que tambi\u00e9n han afectado a viajeros alemanes incluida un v\u00edctima mortal. Estos hechos ocurrieron en restaurantes discotecas y clubes nocturnos frecuentados por turistas\u201d, se\u00f1ala la alerta.<\/p>\n\n\n\n<p>&#8220;Si se encuentra en alg\u00fan lugar en el \u00e1rea de Tulum o Playa del Carmen no deje las instalaciones seguras de su hotel. Utilice \u00fanicamente compa\u00f1\u00edas de taxis con base en el aeropuerto o recomendadas por el hotel para el traslado desde y hacia el aeropuerto. Los coches de alquilar tambi\u00e9n han sido robados all\u00ed en repetidas ocasiones y a veces con el uso de armas de fuego&#8221;.<\/p>\n","protected":false},"excerpt":{"rendered":"<p>Ahora Alemania decret\u00f3 una alerta de viajes a la Riviera Maya mexicana luego de hechos delictivos registrados recientemente.&nbsp; El Ministerio de Relaciones pide a sus ciudadanos tomar precauciones de viajar a esa regi\u00f3n, espec\u00edficamente a Playa del Carmen y Tulum. En la p\u00e1gina del Ministerio de Relaciones Exteriores de Alemania, aparece esta alerta en la [&hellip;]<\/p>\n","protected":false},"author":1,"featured_media":64611,"comment_status":"open","ping_status":"open","sticky":true,"template":"","format":"standard","meta":{"footnotes":""},"categories":[4,3],"tags":[],"_links":{"self":[{"href":"https:\/\/diariodigitalmx.com\/index.php\/wp-json\/wp\/v2\/posts\/64609"}],"collection":[{"href":"https:\/\/diariodigitalmx.com\/index.php\/wp-json\/wp\/v2\/posts"}],"about":[{"href":"https:\/\/diariodigitalmx.com\/index.php\/wp-json\/wp\/v2\/types\/post"}],"author":[{"embeddable":true,"href":"https:\/\/diariodigitalmx.com\/index.php\/wp-json\/wp\/v2\/users\/1"}],"replies":[{"embeddable":true,"href":"https:\/\/diariodigitalmx.com\/index.php\/wp-json\/wp\/v2\/comments?post=64609"}],"version-history":[{"count":1,"href":"https:\/\/diariodigitalmx.com\/index.php\/wp-json\/wp\/v2\/posts\/64609\/revisions"}],"predecessor-version":[{"id":64610,"href":"https:\/\/diariodigitalmx.com\/index.php\/wp-json\/wp\/v2\/posts\/64609\/revisions\/64610"}],"wp:featuredmedia":[{"embeddable":true,"href":"https:\/\/diariodigitalmx.com\/index.php\/wp-json\/wp\/v2\/media\/64611"}],"wp:attachment":[{"href":"https:\/\/diariodigitalmx.com\/index.php\/wp-json\/wp\/v2\/media?parent=64609"}],"wp:term":[{"taxonomy":"category","embeddable":true,"href":"https:\/\/diariodigitalmx.com\/index.php\/wp-json\/wp\/v2\/categories?post=64609"},{"taxonomy":"post_tag","embeddable":true,"href":"https:\/\/diariodigitalmx.com\/index.php\/wp-json\/wp\/v2\/tags?post=64609"}],"curies":[{"name":"wp","href":"https:\/\/api.w.org\/{rel}","templated":true}]}}