{"id":64628,"date":"2021-10-22T16:50:02","date_gmt":"2021-10-22T21:50:02","guid":{"rendered":"http:\/\/diariodigitalmx.com\/?p=64628"},"modified":"2021-10-22T16:52:57","modified_gmt":"2021-10-22T21:52:57","slug":"buscan-que-empresa-carrier-comparta-procesos-innovadores","status":"publish","type":"post","link":"https:\/\/diariodigitalmx.com\/index.php\/2021\/10\/22\/buscan-que-empresa-carrier-comparta-procesos-innovadores\/","title":{"rendered":"Buscan que empresa Carrier comparta procesos innovadores"},"content":{"rendered":"\n<p>*Diputados de la Comisi\u00f3n de Ciencia y Tecnolog\u00eda del Congreso de Nuevo Le\u00f3n, se re\u00fanen con directivos de la firma <\/p>\n\n\n\n<p><\/p>\n\n\n\n<p>A fin de conocer los procesos de innovaci\u00f3n y tecnolog\u00eda y llevar ideas a la comisi\u00f3n de Ciencia y Tecnolog\u00eda del Congreso del Estado, los diputados, Norma Edith Ben\u00edtez Rivera de Movimiento Ciudadano, Ricardo Canavati Hadj\u00f3pulos del PRI y Waldo Fern\u00e1ndez de Morena, se reunieron con directivos de la empresa, encabezados por su Vicepresidente de operaciones Ing. Jos\u00e9 Francisco G\u00f3mez.<\/p>\n\n\n\n<p>\u201cLa idea de conocer los procesos de innovaci\u00f3n y tecnolog\u00eda que se est\u00e1n llevando a cabo por mexicanos en Nuevo Le\u00f3n, tendr\u00edamos que estar muy orgullosos de todo lo que se est\u00e1 desarrollando aqu\u00ed en esta planta\u201d mencion\u00f3 el diputado Waldo Fern\u00e1ndez durante el recorrido por las instalaciones.<\/p>\n\n\n\n<figure class=\"wp-block-image size-large\"><img loading=\"lazy\" decoding=\"async\" width=\"1024\" height=\"768\" src=\"http:\/\/diariodigitalmx.com\/wp-content\/uploads\/2021\/10\/IMG-20211022-WA0009-1024x768.jpg\" alt=\"\" class=\"wp-image-64631\" srcset=\"https:\/\/diariodigitalmx.com\/wp-content\/uploads\/2021\/10\/IMG-20211022-WA0009-1024x768.jpg 1024w, https:\/\/diariodigitalmx.com\/wp-content\/uploads\/2021\/10\/IMG-20211022-WA0009-300x225.jpg 300w, https:\/\/diariodigitalmx.com\/wp-content\/uploads\/2021\/10\/IMG-20211022-WA0009-768x576.jpg 768w, https:\/\/diariodigitalmx.com\/wp-content\/uploads\/2021\/10\/IMG-20211022-WA0009-1536x1152.jpg 1536w, https:\/\/diariodigitalmx.com\/wp-content\/uploads\/2021\/10\/IMG-20211022-WA0009.jpg 1600w\" sizes=\"(max-width: 1024px) 100vw, 1024px\" \/><\/figure>\n\n\n\n<p>La reuni\u00f3n tuvo como objetivo que la empresa compartiera sus mejores pr\u00e1cticas con la Comisi\u00f3n de Ciencia y Tecnolog\u00eda, la cual es presidida por el Diputado de Morena, especialmente en cuanto a innovaci\u00f3n y c\u00f3mo se puede ayudar a trav\u00e9s de ordenamientos legales para seguir generando la cultura de innovaci\u00f3n en el estado, Esta semilla est\u00e1 floreciendo, dijo el diputado Waldo Fern\u00e1ndez, pues el equipo de Carrier M\u00e9xico, con su trabajo, se est\u00e1n empe\u00f1ando en poner en alto el nombre de Nuevo Le\u00f3n y de M\u00e9xico, pero sobre todo porque est\u00e1n formando ciudadanas y ciudadanos de bien.<\/p>\n\n\n\n<figure class=\"wp-block-image size-large\"><img loading=\"lazy\" decoding=\"async\" width=\"1024\" height=\"682\" src=\"http:\/\/diariodigitalmx.com\/wp-content\/uploads\/2021\/10\/IMG-20211022-WA0011-1024x682.jpg\" alt=\"\" class=\"wp-image-64633\" srcset=\"https:\/\/diariodigitalmx.com\/wp-content\/uploads\/2021\/10\/IMG-20211022-WA0011-1024x682.jpg 1024w, https:\/\/diariodigitalmx.com\/wp-content\/uploads\/2021\/10\/IMG-20211022-WA0011-300x200.jpg 300w, https:\/\/diariodigitalmx.com\/wp-content\/uploads\/2021\/10\/IMG-20211022-WA0011-768x512.jpg 768w, https:\/\/diariodigitalmx.com\/wp-content\/uploads\/2021\/10\/IMG-20211022-WA0011-1536x1023.jpg 1536w, https:\/\/diariodigitalmx.com\/wp-content\/uploads\/2021\/10\/IMG-20211022-WA0011.jpg 1600w\" sizes=\"(max-width: 1024px) 100vw, 1024px\" \/><\/figure>\n\n\n\n<p>La empresa Carrier fabrica soluciones de aire acondicionado y calefacci\u00f3n, as\u00ed como controles para el mercado local y para exportaci\u00f3n, tiene una trayectoria que inici\u00f3 en M\u00e9xico en 1979 en Santa Catarina, y encontr\u00f3 una gran \u00e1rea de oportunidad para fabricar sistemas de climatizaci\u00f3n en la ciudad, esto ante la gran demanda de esos productos en la entidad.<\/p>\n\n\n\n<figure class=\"wp-block-image size-large\"><img loading=\"lazy\" decoding=\"async\" width=\"1024\" height=\"682\" src=\"http:\/\/diariodigitalmx.com\/wp-content\/uploads\/2021\/10\/IMG-20211022-WA0010-1024x682.jpg\" alt=\"\" class=\"wp-image-64636\" srcset=\"https:\/\/diariodigitalmx.com\/wp-content\/uploads\/2021\/10\/IMG-20211022-WA0010-1024x682.jpg 1024w, https:\/\/diariodigitalmx.com\/wp-content\/uploads\/2021\/10\/IMG-20211022-WA0010-300x200.jpg 300w, https:\/\/diariodigitalmx.com\/wp-content\/uploads\/2021\/10\/IMG-20211022-WA0010-768x512.jpg 768w, https:\/\/diariodigitalmx.com\/wp-content\/uploads\/2021\/10\/IMG-20211022-WA0010-1536x1023.jpg 1536w, https:\/\/diariodigitalmx.com\/wp-content\/uploads\/2021\/10\/IMG-20211022-WA0010.jpg 1600w\" sizes=\"(max-width: 1024px) 100vw, 1024px\" \/><\/figure>\n\n\n\n<p>Debido al \u00e9xito tan fuerte que encontraron en Santa Catarina, pasaron de una a seis operaciones y en total nueve en M\u00e9xico. Cuatro de dichas plantas son del nivel m\u00e1s alto de conformidad con el sistema operativo Carrier, seg\u00fan la informaci\u00f3n de su Vicepresidente de operaciones, el ingeniero Jos\u00e9 Francisco G\u00f3mez, quien es egresado del Instituto Tecnol\u00f3gico y de Estudios Superiores de Monterrey.<\/p>\n\n\n\n<p>Por otro lado, la empresa exporta el 98% de la producci\u00f3n que se realiza en M\u00e9xico, principalmente a Estados Unidos y el 2% se queda en el pa\u00eds, para lo cual en Nuevo Le\u00f3n se cuenta con 5,500 colaboradores en las seis plantas.<\/p>\n\n\n\n<p>Cabe destacar que, para llegar a tener ese nivel de excelencia, Carrier M\u00e9xico se ha apoyado en un programa de \u00e9tica que trabajan dentro y fuera de la organizaci\u00f3n, contando con capacitaciones constantes en temas como el trato adecuado a las personas, como prevenir el acoso sexual y el laboral y buscando oportunidades de trabajo iguales para todos, fomentando la diversidad e inclusi\u00f3n as\u00ed como reforzando su compromiso con el medio ambiente, negocios limpios con gobierno y proveedores, entre otros.<\/p>\n","protected":false},"excerpt":{"rendered":"<p>*Diputados de la Comisi\u00f3n de Ciencia y Tecnolog\u00eda del Congreso de Nuevo Le\u00f3n, se re\u00fanen con directivos de la firma A fin de conocer los procesos de innovaci\u00f3n y tecnolog\u00eda y llevar ideas a la comisi\u00f3n de Ciencia y Tecnolog\u00eda del Congreso del Estado, los diputados, Norma Edith Ben\u00edtez Rivera de Movimiento Ciudadano, Ricardo Canavati [&hellip;]<\/p>\n","protected":false},"author":1,"featured_media":64630,"comment_status":"open","ping_status":"open","sticky":true,"template":"","format":"standard","meta":{"footnotes":""},"categories":[10,5],"tags":[],"_links":{"self":[{"href":"https:\/\/diariodigitalmx.com\/index.php\/wp-json\/wp\/v2\/posts\/64628"}],"collection":[{"href":"https:\/\/diariodigitalmx.com\/index.php\/wp-json\/wp\/v2\/posts"}],"about":[{"href":"https:\/\/diariodigitalmx.com\/index.php\/wp-json\/wp\/v2\/types\/post"}],"author":[{"embeddable":true,"href":"https:\/\/diariodigitalmx.com\/index.php\/wp-json\/wp\/v2\/users\/1"}],"replies":[{"embeddable":true,"href":"https:\/\/diariodigitalmx.com\/index.php\/wp-json\/wp\/v2\/comments?post=64628"}],"version-history":[{"count":4,"href":"https:\/\/diariodigitalmx.com\/index.php\/wp-json\/wp\/v2\/posts\/64628\/revisions"}],"predecessor-version":[{"id":64637,"href":"https:\/\/diariodigitalmx.com\/index.php\/wp-json\/wp\/v2\/posts\/64628\/revisions\/64637"}],"wp:featuredmedia":[{"embeddable":true,"href":"https:\/\/diariodigitalmx.com\/index.php\/wp-json\/wp\/v2\/media\/64630"}],"wp:attachment":[{"href":"https:\/\/diariodigitalmx.com\/index.php\/wp-json\/wp\/v2\/media?parent=64628"}],"wp:term":[{"taxonomy":"category","embeddable":true,"href":"https:\/\/diariodigitalmx.com\/index.php\/wp-json\/wp\/v2\/categories?post=64628"},{"taxonomy":"post_tag","embeddable":true,"href":"https:\/\/diariodigitalmx.com\/index.php\/wp-json\/wp\/v2\/tags?post=64628"}],"curies":[{"name":"wp","href":"https:\/\/api.w.org\/{rel}","templated":true}]}}