{"id":6463,"date":"2019-06-24T17:29:41","date_gmt":"2019-06-24T22:29:41","guid":{"rendered":"http:\/\/diariodigitalmx.com\/?p=6463"},"modified":"2019-06-24T17:29:43","modified_gmt":"2019-06-24T22:29:43","slug":"licitacion-para-compra-de-medicamentos-es-aplazada-nuevamente","status":"publish","type":"post","link":"https:\/\/diariodigitalmx.com\/index.php\/2019\/06\/24\/licitacion-para-compra-de-medicamentos-es-aplazada-nuevamente\/","title":{"rendered":"Licitaci\u00f3n para compra de medicamentos es aplazada nuevamente"},"content":{"rendered":"\n<p>*El aplazamiento se debe a fallas t\u00e9cnicas en la infraestructura de la\nplataforma CompraNet<\/p>\n\n\n\n<p>Por\ncuarta ocasi\u00f3n la&nbsp;<a href=\"https:\/\/www.elsoldemexico.com.mx\/mexico\/sociedad\/secretaria-de-salud-justifica-atraso-en-compra-consolidada-de-medicamentos-3685702.html\" target=\"_blank\" rel=\"noreferrer noopener\">Secretar\u00eda de Salud aplaz\u00f3 la\nlicitaci\u00f3n para la compra de medicamento<\/a>, material de curaci\u00f3n y de\nlaboratorio, que se ten\u00eda programada para este lunes.<\/p>\n\n\n\n<p>A trav\u00e9s de un\naviso, se dio a conocer que el acto de presentaci\u00f3n y apertura de proposiciones\nprogramados para este 24 de junio a las 8:00 horas, fue pospuesto para el\nmartes 25 de junio.<\/p>\n\n\n\n<p>La\nSecretar\u00eda de Salud se\u00f1al\u00f3 que el aplazamiento se debe a fallas t\u00e9cnicas en la\ninfraestructura que hospeda la plataforma CompraNet que provocan que dicho\nsistema no opera de manera regular.<\/p>\n","protected":false},"excerpt":{"rendered":"<p>*El aplazamiento se debe a fallas t\u00e9cnicas en la infraestructura de la plataforma CompraNet Por cuarta ocasi\u00f3n la&nbsp;Secretar\u00eda de Salud aplaz\u00f3 la licitaci\u00f3n para la compra de medicamento, material de curaci\u00f3n y de laboratorio, que se ten\u00eda programada para este lunes. A trav\u00e9s de un aviso, se dio a conocer que el acto de presentaci\u00f3n [&hellip;]<\/p>\n","protected":false},"author":1,"featured_media":6465,"comment_status":"open","ping_status":"open","sticky":true,"template":"","format":"standard","meta":{"footnotes":""},"categories":[14,2],"tags":[],"_links":{"self":[{"href":"https:\/\/diariodigitalmx.com\/index.php\/wp-json\/wp\/v2\/posts\/6463"}],"collection":[{"href":"https:\/\/diariodigitalmx.com\/index.php\/wp-json\/wp\/v2\/posts"}],"about":[{"href":"https:\/\/diariodigitalmx.com\/index.php\/wp-json\/wp\/v2\/types\/post"}],"author":[{"embeddable":true,"href":"https:\/\/diariodigitalmx.com\/index.php\/wp-json\/wp\/v2\/users\/1"}],"replies":[{"embeddable":true,"href":"https:\/\/diariodigitalmx.com\/index.php\/wp-json\/wp\/v2\/comments?post=6463"}],"version-history":[{"count":1,"href":"https:\/\/diariodigitalmx.com\/index.php\/wp-json\/wp\/v2\/posts\/6463\/revisions"}],"predecessor-version":[{"id":6464,"href":"https:\/\/diariodigitalmx.com\/index.php\/wp-json\/wp\/v2\/posts\/6463\/revisions\/6464"}],"wp:featuredmedia":[{"embeddable":true,"href":"https:\/\/diariodigitalmx.com\/index.php\/wp-json\/wp\/v2\/media\/6465"}],"wp:attachment":[{"href":"https:\/\/diariodigitalmx.com\/index.php\/wp-json\/wp\/v2\/media?parent=6463"}],"wp:term":[{"taxonomy":"category","embeddable":true,"href":"https:\/\/diariodigitalmx.com\/index.php\/wp-json\/wp\/v2\/categories?post=6463"},{"taxonomy":"post_tag","embeddable":true,"href":"https:\/\/diariodigitalmx.com\/index.php\/wp-json\/wp\/v2\/tags?post=6463"}],"curies":[{"name":"wp","href":"https:\/\/api.w.org\/{rel}","templated":true}]}}