{"id":64672,"date":"2021-10-23T19:42:05","date_gmt":"2021-10-24T00:42:05","guid":{"rendered":"http:\/\/diariodigitalmx.com\/?p=64672"},"modified":"2021-10-23T19:43:26","modified_gmt":"2021-10-24T00:43:26","slug":"colabora-leonel-garcia-en-nuevo-tema-de-gloria-trevi","status":"publish","type":"post","link":"https:\/\/diariodigitalmx.com\/index.php\/2021\/10\/23\/colabora-leonel-garcia-en-nuevo-tema-de-gloria-trevi\/","title":{"rendered":"Colabora Leonel Garc\u00eda en nuevo tema de Gloria Trevi"},"content":{"rendered":"\n<p>Por Rogelio Romero<\/p>\n\n\n\n<p>El canta autor Leonel Carcia colabor\u00f3 en el nuevo tema de Gloria Trevi \u201cEnsayando c\u00f3mo pedirte perd\u00f3n\u201d inspirado en estos tiempos de pandemia, la canci\u00f3n fue lanzada en plataformas digitales esta semana.<\/p>\n\n\n\n<p>El tema musical fue grabado bajo el sello de Universal Miusic, esto con locaciones en la ciudad de Miami y bajo la direcci\u00f3n de Pablo Croce.<\/p>\n\n\n\n<p>En el video se observa a la Trevi frente a un espejo como ensayando pidiendo perd\u00f3n &nbsp;a alguien por tantas situaciones adversas que se han tenido que vivir debido a la pandemia del coronavirus.<\/p>\n\n\n\n<p>Trevi reconoci\u00f3 la valiosa colaboraci\u00f3n de Leonel Garc\u00eda por su talento y experiencia dentro del \u00e1mbito de la composici\u00f3n, el tema es coautor\u00eda de los dos. Garc\u00eda tuvo&nbsp; gran \u00e9xito en el pasado con el famoso d\u00fao de m\u00fasica rom\u00e1ntica \u201cSin Banderas\u201d.<\/p>\n\n\n\n<p>La cantante regiomontana se\u00f1al\u00f3 que espera que el tema musical nos haga reflexionar sobre un situaci\u00f3n espec\u00edfica que pudo sucederle a cualquier persona durante estos tiempos pand\u00e9micos.<\/p>\n\n\n\n<p>Trevi sique cosechando el \u00e9xito de su anterior sencillo musical \u201c Nos Volvimos Locos\u201d con Guaynaa, que ya tiene m\u00e1s de 10 millones de&nbsp; reproducciones combinadas y es parte de una campa\u00f1a internacional de Zumba.<\/p>\n","protected":false},"excerpt":{"rendered":"<p>Por Rogelio Romero El canta autor Leonel Carcia colabor\u00f3 en el nuevo tema de Gloria Trevi \u201cEnsayando c\u00f3mo pedirte perd\u00f3n\u201d inspirado en estos tiempos de pandemia, la canci\u00f3n fue lanzada en plataformas digitales esta semana. El tema musical fue grabado bajo el sello de Universal Miusic, esto con locaciones en la ciudad de Miami y [&hellip;]<\/p>\n","protected":false},"author":1,"featured_media":64674,"comment_status":"open","ping_status":"open","sticky":true,"template":"","format":"standard","meta":{"footnotes":""},"categories":[9],"tags":[],"_links":{"self":[{"href":"https:\/\/diariodigitalmx.com\/index.php\/wp-json\/wp\/v2\/posts\/64672"}],"collection":[{"href":"https:\/\/diariodigitalmx.com\/index.php\/wp-json\/wp\/v2\/posts"}],"about":[{"href":"https:\/\/diariodigitalmx.com\/index.php\/wp-json\/wp\/v2\/types\/post"}],"author":[{"embeddable":true,"href":"https:\/\/diariodigitalmx.com\/index.php\/wp-json\/wp\/v2\/users\/1"}],"replies":[{"embeddable":true,"href":"https:\/\/diariodigitalmx.com\/index.php\/wp-json\/wp\/v2\/comments?post=64672"}],"version-history":[{"count":1,"href":"https:\/\/diariodigitalmx.com\/index.php\/wp-json\/wp\/v2\/posts\/64672\/revisions"}],"predecessor-version":[{"id":64673,"href":"https:\/\/diariodigitalmx.com\/index.php\/wp-json\/wp\/v2\/posts\/64672\/revisions\/64673"}],"wp:featuredmedia":[{"embeddable":true,"href":"https:\/\/diariodigitalmx.com\/index.php\/wp-json\/wp\/v2\/media\/64674"}],"wp:attachment":[{"href":"https:\/\/diariodigitalmx.com\/index.php\/wp-json\/wp\/v2\/media?parent=64672"}],"wp:term":[{"taxonomy":"category","embeddable":true,"href":"https:\/\/diariodigitalmx.com\/index.php\/wp-json\/wp\/v2\/categories?post=64672"},{"taxonomy":"post_tag","embeddable":true,"href":"https:\/\/diariodigitalmx.com\/index.php\/wp-json\/wp\/v2\/tags?post=64672"}],"curies":[{"name":"wp","href":"https:\/\/api.w.org\/{rel}","templated":true}]}}