{"id":6476,"date":"2019-06-25T06:29:48","date_gmt":"2019-06-25T11:29:48","guid":{"rendered":"http:\/\/diariodigitalmx.com\/?p=6476"},"modified":"2019-06-25T06:29:49","modified_gmt":"2019-06-25T11:29:49","slug":"roma-otra-vez-triunfa-en-los-ariel","status":"publish","type":"post","link":"https:\/\/diariodigitalmx.com\/index.php\/2019\/06\/25\/roma-otra-vez-triunfa-en-los-ariel\/","title":{"rendered":"Roma otra vez, triunfa en los Ariel"},"content":{"rendered":"\n<ul><li>por&nbsp;<a href=\"https:\/\/www.cronica.com.mx\/notas-roma_arrasa_en_los_premios_ariel_con_10_galardones-1123327-2019#\">Diego Almanza<\/a><\/li><li>Entre discursos pol\u00edticos y sociales la 61 entrega destac\u00f3 lo mejor del cine nacional e iberoamericano, por primera vez en la Cineteca Nacional.<\/li><\/ul>\n\n\n\n<figure class=\"wp-block-image\"><img decoding=\"async\" src=\"https:\/\/www.cronica.com.mx\/nimagenes\/23\/2019-06-25_02-06-08___6092.jpg\" alt=\"Roma arrasa en los Premios Ariel con 10 galardones | La Cr\u00f3nica de Hoy\"\/><\/figure>\n\n\n\n<p>La edici\u00f3n 61 de los Premios Ariel, que entrega la Academia Mexicana de Artes y Ciencias Cinematogr\u00e1ficas (AMACC) a lo mejor del cine mexicano, ofreci\u00f3 una noche hist\u00f3rica con la multiaclamada pel\u00edcula de Alfonso Cuar\u00f3n,&nbsp;<em>Roma<\/em>, la cual se convirti\u00f3 en la gran ganadora de la noche con 10 Premios Ariel, entre ellos el de Mejor Pe\u00adl\u00edcula y Mejor Director. Adem\u00e1s de ser el filme mexicano con m\u00e1s reconocimientos internacionales de la historia.<\/p>\n\n\n\n<p>La ceremonia se llev\u00f3 a cabo por primera vez en la Cineteca Nacional y dio inicio a las 20:22 horas despu\u00e9s de una alfombra roja donde desfilaron nominados e invitados que en todo momento \u00adreiteraron su apoyo a la Academia ante los recortes del presupuesto por parte del Gobierno Federal encabezado por el presidente Andr\u00e9s Manuel L\u00f3pez Obrador.<\/p>\n\n\n\n<p>En medio de una ceremonia en la que el tema principal fue el papel del cine en este nuevo r\u00e9gimen de gobierno, se entreg\u00f3 el primer galard\u00f3n de la noche y fue en la categor\u00eda de Revelaci\u00f3n Actoral, el cual fue otorgado a Benny Emmanuel por la cinta&nbsp;<em>De la infancia<\/em>(2010).<\/p>\n\n\n\n<p>El primer premio de la noche para&nbsp;<em>Roma<\/em>&nbsp;lo recibi\u00f3 Marina Tavira en la categor\u00eda de Mejor Coactuaci\u00f3n Femenina: \u201cMe siento muy conmovida y agradecida. Gracias a Cuar\u00f3n, y a toda la familia de&nbsp;<em>Roma<\/em>. A las mujeres que enfrentan la maternidad solas, y es momento para crear espacios donde nuestros hijos est\u00e9n libres de actitudes machistas\u201d, declar\u00f3.<\/p>\n\n\n\n<p>En la misma categor\u00eda, pero ahora en el turno de los varones, Leonardo Ortizgris subi\u00f3 al escenario para recibir el Ariel por su papel como Wilson en&nbsp;<em>Museo<\/em>.<\/p>\n\n\n\n<p>\u201cQu\u00e9 mejor que celebrar estos premios en el lugar m\u00e1s noble, que es la Cineteca Nacional. La cultura es un derecho que debe ser garantizado por parte del Estado, los creadores no somos el enemigo, tenemos un compromiso con el pa\u00eds; la cultura no es un gasto, es una inversi\u00f3n\u201d mencion\u00f3 Ernesto Contreras, Presidente de la Academia.<\/p>\n\n\n\n<p><em>Sinfon\u00eda de un mar triste&nbsp;<\/em>gan\u00f3 el galard\u00f3n a Mejor Cortometraje Documental, mientras que&nbsp;<em>Viva el rey<\/em>hizo lo propio en Mejor Cortometraje de Animaci\u00f3n y el galard\u00f3n para Mejor Cortometraje de Ficci\u00f3n fue para&nbsp;<em>Arc\u00e1ngel<\/em>.<\/p>\n\n\n\n<p>La cascada de premios para&nbsp;<em>Roma<\/em>comenz\u00f3 a llegar en las categor\u00edas para efectos especiales, efectos visuales, mejor sonido, fotograf\u00eda, edici\u00f3n y guion original.<\/p>\n\n\n\n<p><em>Las ni\u00f1as bien<\/em>&nbsp;fue otra de las grandes ganadoras de la noche, pel\u00edcula donde una mujer perteneciente a la alta sociedad y su esposo, deben lidiar con la crisis econ\u00f3mica que afect\u00f3 a M\u00e9xico durante 1982. El filme consigui\u00f3 los galardones a Mejor Maquillaje, Mejor Vestuario y Mejor M\u00fasica Original.<\/p>\n\n\n\n<p>Lleg\u00f3 el momento de premiar al Mejor Largometraje Animado y fue&nbsp;<em>Ana y Bruno<\/em>&nbsp;de Carlos Carrera quien se llev\u00f3 el premio. Por su parte,&nbsp;<em>Hasta los dientes<\/em>&nbsp;fue ganador de Mejor Largometraje Documental, dando paso a que su director subiera al escenario: \u201cesto ha signifcado mi vida, son muchos a\u00f1os de trabajo. Va dedicado a todas las madres de mujeres desaparecidas y asesinadas de este pa\u00eds.&nbsp;Quiero un pa\u00eds donde la guardia nacional sea civil y no militarizada\u201d, enfatiz\u00f3 Alberto Arnaut.<\/p>\n\n\n\n<p>Destac\u00f3 el inesperado y sorpresivo premio a Mejor Actriz que se llev\u00f3 Ilse Salas por su trabajo en&nbsp;<em>Las ni\u00f1as bien<\/em>: \u201cMe siento muy halagada por competir con estas maravillosas actrices, gracias al poder femenino, me siento muy orgullosa de pertenecer a este grupo de mujeres cineastas, y nosotras tenemos muchas historias que contar porque ya es hora\u201d, declar\u00f3.<\/p>\n\n\n\n<p>El premio a Mejor Actor fue para No\u00e9 Hern\u00e1ndez por su papel en&nbsp;<em>Ocho de cada Diez<\/em>, aunque el galardonado no pudo asistir a la ceremonia, eso no fue impedimento para una gran ovaci\u00f3n que honr\u00f3 su nombre.<\/p>\n\n\n\n<p>Uno de los momentos m\u00e1s especiales de la noche lleg\u00f3 con la entrega del Ariel de Oro otorgado al primer actor H\u00e9ctor Bonilla por su larga trayectoria y contribuci\u00f3n al cine mexicano. \u201cGracias a mis compa\u00f1eros acad\u00e9micos que pensaron en m\u00ed, siempre pienso en mi mujer cuando pasa algo as\u00ed, pero tambi\u00e9n ahora a mis hijos y nietos\u201d, dijo entre aplausos.&nbsp; El Ariel de Oro tambi\u00e9n fue otorgado al argentino Nerio Barberis y a la guionista Paz Alicia Garc\u00eda Diego.<\/p>\n\n\n\n<p>La noche concluy\u00f3 con la entrega del Ariel a Mejor Pel\u00edcula para&nbsp;<em>Roma<\/em>, emotivo momento en el que todo el elenco subi\u00f3 al escenario para agradecer el reconocimiento.<\/p>\n\n\n\n<p>Otros premios fueron: Mejor Guion Adaptado para&nbsp;<em>De la infancia<\/em>, Mejor Pel\u00edcula Iberoamericana para la colombiana&nbsp;<em>P\u00e1jaros de verano<\/em>&nbsp;y Mejor Opera Prima para&nbsp;<em>La camarista<\/em>.<\/p>\n","protected":false},"excerpt":{"rendered":"<p>por&nbsp;Diego Almanza Entre discursos pol\u00edticos y sociales la 61 entrega destac\u00f3 lo mejor del cine nacional e iberoamericano, por primera vez en la Cineteca Nacional. La edici\u00f3n 61 de los Premios Ariel, que entrega la Academia Mexicana de Artes y Ciencias Cinematogr\u00e1ficas (AMACC) a lo mejor del cine mexicano, ofreci\u00f3 una noche hist\u00f3rica con la [&hellip;]<\/p>\n","protected":false},"author":1,"featured_media":6479,"comment_status":"open","ping_status":"open","sticky":true,"template":"","format":"standard","meta":{"footnotes":""},"categories":[14,9],"tags":[],"_links":{"self":[{"href":"https:\/\/diariodigitalmx.com\/index.php\/wp-json\/wp\/v2\/posts\/6476"}],"collection":[{"href":"https:\/\/diariodigitalmx.com\/index.php\/wp-json\/wp\/v2\/posts"}],"about":[{"href":"https:\/\/diariodigitalmx.com\/index.php\/wp-json\/wp\/v2\/types\/post"}],"author":[{"embeddable":true,"href":"https:\/\/diariodigitalmx.com\/index.php\/wp-json\/wp\/v2\/users\/1"}],"replies":[{"embeddable":true,"href":"https:\/\/diariodigitalmx.com\/index.php\/wp-json\/wp\/v2\/comments?post=6476"}],"version-history":[{"count":2,"href":"https:\/\/diariodigitalmx.com\/index.php\/wp-json\/wp\/v2\/posts\/6476\/revisions"}],"predecessor-version":[{"id":6478,"href":"https:\/\/diariodigitalmx.com\/index.php\/wp-json\/wp\/v2\/posts\/6476\/revisions\/6478"}],"wp:featuredmedia":[{"embeddable":true,"href":"https:\/\/diariodigitalmx.com\/index.php\/wp-json\/wp\/v2\/media\/6479"}],"wp:attachment":[{"href":"https:\/\/diariodigitalmx.com\/index.php\/wp-json\/wp\/v2\/media?parent=6476"}],"wp:term":[{"taxonomy":"category","embeddable":true,"href":"https:\/\/diariodigitalmx.com\/index.php\/wp-json\/wp\/v2\/categories?post=6476"},{"taxonomy":"post_tag","embeddable":true,"href":"https:\/\/diariodigitalmx.com\/index.php\/wp-json\/wp\/v2\/tags?post=6476"}],"curies":[{"name":"wp","href":"https:\/\/api.w.org\/{rel}","templated":true}]}}