{"id":64791,"date":"2021-10-25T15:35:11","date_gmt":"2021-10-25T20:35:11","guid":{"rendered":"http:\/\/diariodigitalmx.com\/?p=64791"},"modified":"2021-10-25T15:42:26","modified_gmt":"2021-10-25T20:42:26","slug":"limpieza-general-y-seguridad-en-panteones-de-escobedo","status":"publish","type":"post","link":"https:\/\/diariodigitalmx.com\/index.php\/2021\/10\/25\/limpieza-general-y-seguridad-en-panteones-de-escobedo\/","title":{"rendered":"Limpieza general y seguridad en panteones de Escobedo"},"content":{"rendered":"\n<figure class=\"wp-block-video\"><video controls src=\"http:\/\/diariodigitalmx.com\/wp-content\/uploads\/2021\/10\/ARRANQUE-DE-OPERATIVO-DE-PANTEONES-MEDIOS-ASPECTOS-1.mp4\"><\/video><\/figure>\n\n\n\n<p>*Se preparan para el D\u00eda de Muertos <\/p>\n\n\n\n<p>&nbsp;<\/p>\n\n\n\n<p>El Municipio de Escobedo despleg\u00f3 este lunes a un equipo de empleados municipales para limpiar los diferentes panteones en la Ciudad, mientras que elementos de Protecci\u00f3n Civil delimitaron con cinta las tumbas que son un riesgo para los visitantes.<\/p>\n\n\n\n<p>El Alcalde Andr\u00e9s Mijes Llovera, dijo que el operativo se realiza previo a la celebraci\u00f3n del D\u00eda de los Muertos para que los visitantes a las tumbas de sus seres queridos encuentren un espacio digno y en buenas condiciones.<\/p>\n\n\n\n<figure class=\"wp-block-image size-large\"><img loading=\"lazy\" decoding=\"async\" width=\"1024\" height=\"683\" src=\"http:\/\/diariodigitalmx.com\/wp-content\/uploads\/2021\/10\/IMG_1739-1024x683.jpg\" alt=\"\" class=\"wp-image-64797\" srcset=\"https:\/\/diariodigitalmx.com\/wp-content\/uploads\/2021\/10\/IMG_1739-1024x683.jpg 1024w, https:\/\/diariodigitalmx.com\/wp-content\/uploads\/2021\/10\/IMG_1739-300x200.jpg 300w, https:\/\/diariodigitalmx.com\/wp-content\/uploads\/2021\/10\/IMG_1739-768x512.jpg 768w, https:\/\/diariodigitalmx.com\/wp-content\/uploads\/2021\/10\/IMG_1739-1536x1024.jpg 1536w, https:\/\/diariodigitalmx.com\/wp-content\/uploads\/2021\/10\/IMG_1739-2048x1365.jpg 2048w\" sizes=\"(max-width: 1024px) 100vw, 1024px\" \/><\/figure>\n\n\n\n<p>Mijes Llovera, en compa\u00f1\u00eda de los titulares de Protecci\u00f3n Civil Municipal y de Servicios P\u00fablicos de Escobedo, supervis\u00f3 los trabajos de mantenimiento en el cementerio Divina Trinidad, ubicado en V\u00eda Torre\u00f3n, en la Colonia Ricardo Flores Mag\u00f3n.&nbsp;<\/p>\n\n\n\n<p>Personal de la Secretar\u00eda de Servicios P\u00fablicos realiz\u00f3 acciones de fumigaci\u00f3n preventiva, descacharrizaci\u00f3n y deshierbe, las cuales se sumaron a las labores de acordonamiento de fosas y tumbas por parte de Protecci\u00f3n Civil de Escobedo.<\/p>\n\n\n\n<figure class=\"wp-block-image size-large\"><img loading=\"lazy\" decoding=\"async\" width=\"1024\" height=\"683\" src=\"http:\/\/diariodigitalmx.com\/wp-content\/uploads\/2021\/10\/IMG_1745-1024x683.jpg\" alt=\"\" class=\"wp-image-64795\" srcset=\"https:\/\/diariodigitalmx.com\/wp-content\/uploads\/2021\/10\/IMG_1745-1024x683.jpg 1024w, https:\/\/diariodigitalmx.com\/wp-content\/uploads\/2021\/10\/IMG_1745-300x200.jpg 300w, https:\/\/diariodigitalmx.com\/wp-content\/uploads\/2021\/10\/IMG_1745-768x512.jpg 768w, https:\/\/diariodigitalmx.com\/wp-content\/uploads\/2021\/10\/IMG_1745-1536x1024.jpg 1536w, https:\/\/diariodigitalmx.com\/wp-content\/uploads\/2021\/10\/IMG_1745-2048x1365.jpg 2048w\" sizes=\"(max-width: 1024px) 100vw, 1024px\" \/><\/figure>\n\n\n\n<p>\u201cEstamos haciendo limpieza general de los panteones ante las visitas que se esperan por el D\u00eda de Muertos, el fin es ofrecer una mayor seguridad y un espacio limpio\u201d.<\/p>\n\n\n\n<p>Mijes Llovera record\u00f3 que, debido al Covid-19, el aforo permitido por la Secretar\u00eda de Salud del Estado es del 75 por ciento, adem\u00e1s, subray\u00f3 que se contar\u00e1 con filtros para la toma de temperatura y aplicaci\u00f3n de gel antibacterial.&nbsp;<\/p>\n\n\n\n<p>A\u00f1adi\u00f3 que los horarios de los dos panteones municipales Divina Trinidad y Jard\u00edn del Ed\u00e9n, ubicado en Ra\u00fal Caballero Escamilla #718, en la Colonia Los Olivos, es de lunes a domingo de las 8:00 hasta las 19:00 horas.&nbsp;<\/p>\n\n\n\n<p>Por \u00faltimo, el Edil emiti\u00f3 una serie de recomendaciones para los visitantes como extremar precauciones con ni\u00f1os y adultos mayores, no sentarse o pisar encima de las criptas y respetar los espacios acordonados, usar ropa y calzado c\u00f3modo y mantenerse bien hidratado.&nbsp;<\/p>\n","protected":false},"excerpt":{"rendered":"<p>*Se preparan para el D\u00eda de Muertos &nbsp; El Municipio de Escobedo despleg\u00f3 este lunes a un equipo de empleados municipales para limpiar los diferentes panteones en la Ciudad, mientras que elementos de Protecci\u00f3n Civil delimitaron con cinta las tumbas que son un riesgo para los visitantes. El Alcalde Andr\u00e9s Mijes Llovera, dijo que el [&hellip;]<\/p>\n","protected":false},"author":1,"featured_media":64793,"comment_status":"open","ping_status":"open","sticky":true,"template":"","format":"standard","meta":{"footnotes":""},"categories":[6,5],"tags":[],"_links":{"self":[{"href":"https:\/\/diariodigitalmx.com\/index.php\/wp-json\/wp\/v2\/posts\/64791"}],"collection":[{"href":"https:\/\/diariodigitalmx.com\/index.php\/wp-json\/wp\/v2\/posts"}],"about":[{"href":"https:\/\/diariodigitalmx.com\/index.php\/wp-json\/wp\/v2\/types\/post"}],"author":[{"embeddable":true,"href":"https:\/\/diariodigitalmx.com\/index.php\/wp-json\/wp\/v2\/users\/1"}],"replies":[{"embeddable":true,"href":"https:\/\/diariodigitalmx.com\/index.php\/wp-json\/wp\/v2\/comments?post=64791"}],"version-history":[{"count":6,"href":"https:\/\/diariodigitalmx.com\/index.php\/wp-json\/wp\/v2\/posts\/64791\/revisions"}],"predecessor-version":[{"id":64801,"href":"https:\/\/diariodigitalmx.com\/index.php\/wp-json\/wp\/v2\/posts\/64791\/revisions\/64801"}],"wp:featuredmedia":[{"embeddable":true,"href":"https:\/\/diariodigitalmx.com\/index.php\/wp-json\/wp\/v2\/media\/64793"}],"wp:attachment":[{"href":"https:\/\/diariodigitalmx.com\/index.php\/wp-json\/wp\/v2\/media?parent=64791"}],"wp:term":[{"taxonomy":"category","embeddable":true,"href":"https:\/\/diariodigitalmx.com\/index.php\/wp-json\/wp\/v2\/categories?post=64791"},{"taxonomy":"post_tag","embeddable":true,"href":"https:\/\/diariodigitalmx.com\/index.php\/wp-json\/wp\/v2\/tags?post=64791"}],"curies":[{"name":"wp","href":"https:\/\/api.w.org\/{rel}","templated":true}]}}