{"id":64809,"date":"2021-10-25T22:06:32","date_gmt":"2021-10-26T03:06:32","guid":{"rendered":"http:\/\/diariodigitalmx.com\/?p=64809"},"modified":"2021-10-25T22:08:51","modified_gmt":"2021-10-26T03:08:51","slug":"64809","status":"publish","type":"post","link":"https:\/\/diariodigitalmx.com\/index.php\/2021\/10\/25\/64809\/","title":{"rendered":"M\u00e9xico es campe\u00f3n de pesas en Panamericano Sub 20"},"content":{"rendered":"\n<p>La selecci\u00f3n nacional juvenil de levantamiento de pesas cerr\u00f3 con broche de oro su participaci\u00f3n en el Campeonato Panamericano de la disciplina Sub-20, en el que se proclam\u00f3 campeona&nbsp;por equipos en la rama femenil, certamen que tuvo como sede el Foro de Halterofilia del Polideportivo Paradero, en Guadalajara, Jalisco.<\/p>\n\n\n\n<p>Con un resultado de 782 unidades, el equipo femenil se adjudic\u00f3 el sitio de honor, seguido por Colombia, con 693 puntos y Estados Unidos, que se qued\u00f3 con el tercer sitio, al acumular 535. El equipo varonil sum\u00f3 711 unidades, resultado que lo ubic\u00f3 en el segundo sitio, s\u00f3lo por detr\u00e1s de Colombia, con 781 y el tercer pelda\u00f1o fue para Estados Unidos, con 531 puntos.<\/p>\n\n\n\n<p>Adem\u00e1s de los trofeos por equipos, los medallistas ol\u00edmpicos juveniles en Buenos Aires 2018, Yesica Yadira Hern\u00e1ndez Vieyra y Mauricio Cristofer Canul Facundo, fueron acreedores a un trofeo como los mejores levantadores de la justa continental.<\/p>\n\n\n\n<p>La originaria del estado de Guanajuato, logr\u00f3 dos oros y una plata en la divisi\u00f3n de los 49 kilogramos, y estableci\u00f3 r\u00e9cord panamericano en las modalidades de envi\u00f3n y en el total; mientras que, el yucateco, se qued\u00f3 con el t\u00edtulo de campe\u00f3n continental, al conseguir las tres medallas de oro en los 81 kilos.<\/p>\n\n\n\n<p>Con este resultado, la selecci\u00f3n nacional reafirma estar en excelentes condiciones y en el mejor momento deportivo, para afrontar su pr\u00f3ximo compromiso, los Juegos Panamericanos Junior Cali-Valle 2021, que se realizar\u00e1n del 25 de noviembre al 5 de diciembre en Colombia.<\/p>\n\n\n\n<p>Tras su participaci\u00f3n en el certamen continental, que se realiz\u00f3 en la ciudad tapat\u00eda, los seleccionados continuar\u00e1n su preparaci\u00f3n, rumbo a Cali-Valle, en el Centro de Alto Rendimiento (CARE) \u201cNi\u00f1os H\u00e9roes\u201d, en Monterrey, Nuevo Le\u00f3n.<\/p>\n","protected":false},"excerpt":{"rendered":"<p>La selecci\u00f3n nacional juvenil de levantamiento de pesas cerr\u00f3 con broche de oro su participaci\u00f3n en el Campeonato Panamericano de la disciplina Sub-20, en el que se proclam\u00f3 campeona&nbsp;por equipos en la rama femenil, certamen que tuvo como sede el Foro de Halterofilia del Polideportivo Paradero, en Guadalajara, Jalisco. Con un resultado de 782 unidades, [&hellip;]<\/p>\n","protected":false},"author":1,"featured_media":64811,"comment_status":"open","ping_status":"open","sticky":true,"template":"","format":"standard","meta":{"footnotes":""},"categories":[8,14],"tags":[],"_links":{"self":[{"href":"https:\/\/diariodigitalmx.com\/index.php\/wp-json\/wp\/v2\/posts\/64809"}],"collection":[{"href":"https:\/\/diariodigitalmx.com\/index.php\/wp-json\/wp\/v2\/posts"}],"about":[{"href":"https:\/\/diariodigitalmx.com\/index.php\/wp-json\/wp\/v2\/types\/post"}],"author":[{"embeddable":true,"href":"https:\/\/diariodigitalmx.com\/index.php\/wp-json\/wp\/v2\/users\/1"}],"replies":[{"embeddable":true,"href":"https:\/\/diariodigitalmx.com\/index.php\/wp-json\/wp\/v2\/comments?post=64809"}],"version-history":[{"count":3,"href":"https:\/\/diariodigitalmx.com\/index.php\/wp-json\/wp\/v2\/posts\/64809\/revisions"}],"predecessor-version":[{"id":64813,"href":"https:\/\/diariodigitalmx.com\/index.php\/wp-json\/wp\/v2\/posts\/64809\/revisions\/64813"}],"wp:featuredmedia":[{"embeddable":true,"href":"https:\/\/diariodigitalmx.com\/index.php\/wp-json\/wp\/v2\/media\/64811"}],"wp:attachment":[{"href":"https:\/\/diariodigitalmx.com\/index.php\/wp-json\/wp\/v2\/media?parent=64809"}],"wp:term":[{"taxonomy":"category","embeddable":true,"href":"https:\/\/diariodigitalmx.com\/index.php\/wp-json\/wp\/v2\/categories?post=64809"},{"taxonomy":"post_tag","embeddable":true,"href":"https:\/\/diariodigitalmx.com\/index.php\/wp-json\/wp\/v2\/tags?post=64809"}],"curies":[{"name":"wp","href":"https:\/\/api.w.org\/{rel}","templated":true}]}}