{"id":64854,"date":"2021-10-26T19:36:41","date_gmt":"2021-10-27T00:36:41","guid":{"rendered":"http:\/\/diariodigitalmx.com\/?p=64854"},"modified":"2021-10-26T19:37:51","modified_gmt":"2021-10-27T00:37:51","slug":"bum-bum-bum-bum","status":"publish","type":"post","link":"https:\/\/diariodigitalmx.com\/index.php\/2021\/10\/26\/bum-bum-bum-bum\/","title":{"rendered":"Bum-bum, bum-bum"},"content":{"rendered":"\n<p>Clara Villarreal <\/p>\n\n\n\n<p>*<em>Nunca hab\u00eda sido tan consciente de ti<\/em><\/p>\n\n\n\n<p>Hoy despert\u00e9 sin ganas de nada, con un cuerpo sano, pero agotado, desmotivado&#8230; sin ninguna emoci\u00f3n que me sacara de la cama.<\/p>\n\n\n\n<p>Decid\u00ed no trabajar, en martes&#8230; pens\u00e9 que alguna ventaja debe tener ser la due\u00f1a de mi tiempo y agenda.<\/p>\n\n\n\n<p>A pesar de mis \u00e1nimos, algo me mantuvo con vida por la noche, me permiti\u00f3 despertar esta ma\u00f1ana. Algo que se form\u00f3 desde los primeros d\u00edas de vida celular y que nunca ha dejado de moverse, de trabajar para m\u00ed.<\/p>\n\n\n\n<p>Nunca hab\u00eda sido tan consciente de ti, de todo lo que has hecho por m\u00ed. Eres el sol de mi cuerpo, majestuoso, no dependes de nadie y, sin embargo, todos dependemos de ti. No hab\u00eda ca\u00eddo en cuenta de que no duermes, no descansas, no tomas vacaciones, simplemente haces lo tuyo; sin sueldo, horarios, ni comisiones de ning\u00fan tipo. No me pides nada y me mantienes viva para que yo pueda trabajar, descansar, pasear, entrenar, sobresaltarme con una pel\u00edcula y llorar cuando llega el final. Subes el ritmo, aumentas la fuerza o te serenas, para llevarme por las subidas y bajadas de la vida, para bailar al ritmo de mis emociones.<\/p>\n\n\n\n<p>Gracias por acurrucarte en mi pecho, latiendo con intensidad, para deslizarme en los patines a la velocidad de mis deseos, por ser m\u00e1s suave cuando medito, por seguirme el paso en los d\u00edas emotivos y en los complicados, con experiencias que vivo cada d\u00eda. Tantas gracias por dejarme sentir, en todo el cuerpo y conmoverme el alma.<\/p>\n\n\n\n<p>Agradecer no es cuesti\u00f3n de decirlo a alguien m\u00e1s, nuestro cuerpo hace mucho por nosotros y estoy segura de que escucha nuestra voz agradecida. Desde los primeros d\u00edas de vida, cu\u00e1ndo apenas \u00e9ramos un conjunto de c\u00e9lulas nuestro coraz\u00f3n incipiente lat\u00eda. Era \u00e9l quien provocaba el movimiento en aquel acelerado proceso de formar un ser humano.<\/p>\n\n\n\n<p>Gracias, coraz\u00f3n.<\/p>\n\n\n\n<p>Esta noche al recostarte, te invito a que respires y que poco a poco te hagas consciente de los latidos de tu coraz\u00f3n:&nbsp;<em>bum-bum, bum-bum<\/em>&#8230; si viene alg\u00fan pensamiento d\u00e9jalo ir, en este momento son solo tu coraz\u00f3n y t\u00fa&#8230;&nbsp;<em>bum-bum, bum-bum<\/em>&#8230; late desde siempre y lo har\u00e1 hasta el \u00faltimo de nuestros d\u00edas&#8230;&nbsp;<em>bum-bum, bum-bum<\/em>&#8230; gracias, coraz\u00f3n, por la fuerza, por la vida, por dejarme sentir el amor.<\/p>\n\n\n\n<p>Gracias a Fernando \u00c1lvarez, mi psicoanalista, por ense\u00f1arme tanto de mi.<\/p>\n\n\n\n<p>Twitter: @claravillarreal&nbsp;<\/p>\n\n\n\n<p><a href=\"mailto:contacto@claravillarreal.com\" target=\"_blank\" rel=\"noreferrer noopener\">contacto@claravillarreal.com<\/a>&nbsp;<\/p>\n","protected":false},"excerpt":{"rendered":"<p>Clara Villarreal *Nunca hab\u00eda sido tan consciente de ti Hoy despert\u00e9 sin ganas de nada, con un cuerpo sano, pero agotado, desmotivado&#8230; sin ninguna emoci\u00f3n que me sacara de la cama. Decid\u00ed no trabajar, en martes&#8230; pens\u00e9 que alguna ventaja debe tener ser la due\u00f1a de mi tiempo y agenda. A pesar de mis \u00e1nimos, [&hellip;]<\/p>\n","protected":false},"author":1,"featured_media":64857,"comment_status":"open","ping_status":"open","sticky":true,"template":"","format":"standard","meta":{"footnotes":""},"categories":[12,3],"tags":[],"_links":{"self":[{"href":"https:\/\/diariodigitalmx.com\/index.php\/wp-json\/wp\/v2\/posts\/64854"}],"collection":[{"href":"https:\/\/diariodigitalmx.com\/index.php\/wp-json\/wp\/v2\/posts"}],"about":[{"href":"https:\/\/diariodigitalmx.com\/index.php\/wp-json\/wp\/v2\/types\/post"}],"author":[{"embeddable":true,"href":"https:\/\/diariodigitalmx.com\/index.php\/wp-json\/wp\/v2\/users\/1"}],"replies":[{"embeddable":true,"href":"https:\/\/diariodigitalmx.com\/index.php\/wp-json\/wp\/v2\/comments?post=64854"}],"version-history":[{"count":2,"href":"https:\/\/diariodigitalmx.com\/index.php\/wp-json\/wp\/v2\/posts\/64854\/revisions"}],"predecessor-version":[{"id":64856,"href":"https:\/\/diariodigitalmx.com\/index.php\/wp-json\/wp\/v2\/posts\/64854\/revisions\/64856"}],"wp:featuredmedia":[{"embeddable":true,"href":"https:\/\/diariodigitalmx.com\/index.php\/wp-json\/wp\/v2\/media\/64857"}],"wp:attachment":[{"href":"https:\/\/diariodigitalmx.com\/index.php\/wp-json\/wp\/v2\/media?parent=64854"}],"wp:term":[{"taxonomy":"category","embeddable":true,"href":"https:\/\/diariodigitalmx.com\/index.php\/wp-json\/wp\/v2\/categories?post=64854"},{"taxonomy":"post_tag","embeddable":true,"href":"https:\/\/diariodigitalmx.com\/index.php\/wp-json\/wp\/v2\/tags?post=64854"}],"curies":[{"name":"wp","href":"https:\/\/api.w.org\/{rel}","templated":true}]}}