{"id":64920,"date":"2021-10-27T08:04:20","date_gmt":"2021-10-27T13:04:20","guid":{"rendered":"http:\/\/diariodigitalmx.com\/?p=64920"},"modified":"2021-10-27T08:08:02","modified_gmt":"2021-10-27T13:08:02","slug":"donara-regidora-de-morena-de-monterrey-su-primer-mes-de-salario-a-la-prevencion-del-cancer-de-mama","status":"publish","type":"post","link":"https:\/\/diariodigitalmx.com\/index.php\/2021\/10\/27\/donara-regidora-de-morena-de-monterrey-su-primer-mes-de-salario-a-la-prevencion-del-cancer-de-mama\/","title":{"rendered":"Donar\u00e1 regidora de Morena de Monterrey, su primer mes de salario, a la prevenci\u00f3n del c\u00e1ncer de mama"},"content":{"rendered":"\n<p>&nbsp;<\/p>\n\n\n\n<p>Para apoyar la prevenci\u00f3n y detecci\u00f3n a tiempo de c\u00e1ncer de mam\u00e1, la regidora en el municipio de Monterrey Erika Moncayo Santacruz, anunci\u00f3 ante m\u00e1s de un centenar de mujeres&nbsp; que donar\u00e1 su primer mes de salario&nbsp; como funcionar\u00eda para la adquisici\u00f3n de mastograf\u00edas.<\/p>\n\n\n\n<p>Las regidoras de Morena&nbsp; Erika Moncayo y Alejandra Machorro,&nbsp; ofrecieron una conferencia con el Doctor Jos\u00e9&nbsp; Homero Lozano y regalaron a las asistentes mastograf\u00edas para que no haya excusa y gocen de buena salud.<\/p>\n\n\n\n<figure class=\"wp-block-image size-large\"><img loading=\"lazy\" decoding=\"async\" width=\"1024\" height=\"678\" src=\"http:\/\/diariodigitalmx.com\/wp-content\/uploads\/2021\/10\/IMG-20211027-WA0001-1024x678.jpg\" alt=\"\" class=\"wp-image-64926\" srcset=\"https:\/\/diariodigitalmx.com\/wp-content\/uploads\/2021\/10\/IMG-20211027-WA0001-1024x678.jpg 1024w, https:\/\/diariodigitalmx.com\/wp-content\/uploads\/2021\/10\/IMG-20211027-WA0001-300x199.jpg 300w, https:\/\/diariodigitalmx.com\/wp-content\/uploads\/2021\/10\/IMG-20211027-WA0001-768x508.jpg 768w, https:\/\/diariodigitalmx.com\/wp-content\/uploads\/2021\/10\/IMG-20211027-WA0001-1536x1017.jpg 1536w, https:\/\/diariodigitalmx.com\/wp-content\/uploads\/2021\/10\/IMG-20211027-WA0001.jpg 1600w\" sizes=\"(max-width: 1024px) 100vw, 1024px\" \/><\/figure>\n\n\n\n<p>Erika&nbsp; Moncayo, record\u00f3 que el c\u00e1ncer de mama es la primera causa de muerte en M\u00e9xico y el segundo sitio de decesos en Nuevo Le\u00f3n en mujeres mayores de 20 a\u00f1os, en donde el 90 por ciento se puede prevenir con una detecci\u00f3n oportuna de la enfermedad.<\/p>\n\n\n\n<p>&#8220;No es un tema populista si no que es algo que debemos de hacer todos los funcionarios p\u00fablicos, aportar&nbsp; al menos la primera quincena y adquirir la compra de las primeras mastograf\u00edas, vamos a hacer la donaci\u00f3n de varias y haremos distintos eventos para continuar con este tema porque no es solo el mes de octubre porque debe de haber un mes de nosotras mismas&#8221;&nbsp; mencion\u00f3 Moncayo Santacruz<\/p>\n\n\n\n<p>La morenista agreg\u00f3 que buscar\u00e1n ser v\u00ednculo con el gobierno federal para concienticizar sobre programas gratuitos para la detecci\u00f3n temprana de la enfermedad.<\/p>\n\n\n\n<figure class=\"wp-block-image size-large\"><img loading=\"lazy\" decoding=\"async\" width=\"1024\" height=\"678\" src=\"http:\/\/diariodigitalmx.com\/wp-content\/uploads\/2021\/10\/IMG-20211027-WA0000-1024x678.jpg\" alt=\"\" class=\"wp-image-64928\" srcset=\"https:\/\/diariodigitalmx.com\/wp-content\/uploads\/2021\/10\/IMG-20211027-WA0000-1024x678.jpg 1024w, https:\/\/diariodigitalmx.com\/wp-content\/uploads\/2021\/10\/IMG-20211027-WA0000-300x199.jpg 300w, https:\/\/diariodigitalmx.com\/wp-content\/uploads\/2021\/10\/IMG-20211027-WA0000-768x508.jpg 768w, https:\/\/diariodigitalmx.com\/wp-content\/uploads\/2021\/10\/IMG-20211027-WA0000-1536x1017.jpg 1536w, https:\/\/diariodigitalmx.com\/wp-content\/uploads\/2021\/10\/IMG-20211027-WA0000.jpg 1600w\" sizes=\"(max-width: 1024px) 100vw, 1024px\" \/><\/figure>\n\n\n\n<p>Lo anterior fue anunciado durante la conferencia &#8220;Unid@s contra el C\u00e1ncer&#8221;, que imparti\u00f3 el Dr. Jos\u00e9 Homero Lozano Enriquez, Especialista en Cirugia General de Mastologia y a la que asisti\u00f3 Clara Luz Flores Carrales, ex alcaldesa de Escobedo y excandidata de Morena a la gubernatura de Nuevo Le\u00f3n y la Diputada Local Anyl\u00fa Bendicion Hern\u00e1ndez.<\/p>\n","protected":false},"excerpt":{"rendered":"<p>&nbsp; Para apoyar la prevenci\u00f3n y detecci\u00f3n a tiempo de c\u00e1ncer de mam\u00e1, la regidora en el municipio de Monterrey Erika Moncayo Santacruz, anunci\u00f3 ante m\u00e1s de un centenar de mujeres&nbsp; que donar\u00e1 su primer mes de salario&nbsp; como funcionar\u00eda para la adquisici\u00f3n de mastograf\u00edas. Las regidoras de Morena&nbsp; Erika Moncayo y Alejandra Machorro,&nbsp; ofrecieron [&hellip;]<\/p>\n","protected":false},"author":1,"featured_media":64923,"comment_status":"open","ping_status":"open","sticky":true,"template":"","format":"standard","meta":{"footnotes":""},"categories":[6],"tags":[],"_links":{"self":[{"href":"https:\/\/diariodigitalmx.com\/index.php\/wp-json\/wp\/v2\/posts\/64920"}],"collection":[{"href":"https:\/\/diariodigitalmx.com\/index.php\/wp-json\/wp\/v2\/posts"}],"about":[{"href":"https:\/\/diariodigitalmx.com\/index.php\/wp-json\/wp\/v2\/types\/post"}],"author":[{"embeddable":true,"href":"https:\/\/diariodigitalmx.com\/index.php\/wp-json\/wp\/v2\/users\/1"}],"replies":[{"embeddable":true,"href":"https:\/\/diariodigitalmx.com\/index.php\/wp-json\/wp\/v2\/comments?post=64920"}],"version-history":[{"count":5,"href":"https:\/\/diariodigitalmx.com\/index.php\/wp-json\/wp\/v2\/posts\/64920\/revisions"}],"predecessor-version":[{"id":64929,"href":"https:\/\/diariodigitalmx.com\/index.php\/wp-json\/wp\/v2\/posts\/64920\/revisions\/64929"}],"wp:featuredmedia":[{"embeddable":true,"href":"https:\/\/diariodigitalmx.com\/index.php\/wp-json\/wp\/v2\/media\/64923"}],"wp:attachment":[{"href":"https:\/\/diariodigitalmx.com\/index.php\/wp-json\/wp\/v2\/media?parent=64920"}],"wp:term":[{"taxonomy":"category","embeddable":true,"href":"https:\/\/diariodigitalmx.com\/index.php\/wp-json\/wp\/v2\/categories?post=64920"},{"taxonomy":"post_tag","embeddable":true,"href":"https:\/\/diariodigitalmx.com\/index.php\/wp-json\/wp\/v2\/tags?post=64920"}],"curies":[{"name":"wp","href":"https:\/\/api.w.org\/{rel}","templated":true}]}}