{"id":64931,"date":"2021-10-27T08:12:26","date_gmt":"2021-10-27T13:12:26","guid":{"rendered":"http:\/\/diariodigitalmx.com\/?p=64931"},"modified":"2021-10-27T08:13:03","modified_gmt":"2021-10-27T13:13:03","slug":"por-cierto-448","status":"publish","type":"post","link":"https:\/\/diariodigitalmx.com\/index.php\/2021\/10\/27\/por-cierto-448\/","title":{"rendered":"Por cierto&#8230;"},"content":{"rendered":"\n<p>\u00d3scar Tamez Rodr\u00edguez <\/p>\n\n\n\n<p>Conoc\u00ed a Manuel Bartlett hace dos d\u00e9cadas y media, me parec\u00eda un pol\u00edtico nacionalista, comprometido con M\u00e9xico. Leer ayer que habla de impulsar una tarifa \u00fanica en la energ\u00eda el\u00e9ctrica me espanta. Asusta su declaraci\u00f3n porque se acompa\u00f1a de afirmar en el 2020 apoy\u00f3 a las familias con subsidios. Miente, en los recibos de fines de 2020 e inicios del 2021, las familias padecimos recibos onerosos, electrizantes. Asusta que hable de tarifa \u00fanica porque jam\u00e1s pensar\u00e1 en bajar las tarifas en sectores pudientes, as\u00ed que lo m\u00e1s seguro es que a los menos pudientes les apliquen un diablito en los recibos. Un diablito que lance lumbre.&nbsp;<a rel=\"noreferrer noopener\" href=\"mailto:estudiospoliticos.mx@gmail.com\" target=\"_blank\">estudiospoliticos.mx@gmail.com<\/a><\/p>\n","protected":false},"excerpt":{"rendered":"<p>\u00d3scar Tamez Rodr\u00edguez Conoc\u00ed a Manuel Bartlett hace dos d\u00e9cadas y media, me parec\u00eda un pol\u00edtico nacionalista, comprometido con M\u00e9xico. Leer ayer que habla de impulsar una tarifa \u00fanica en la energ\u00eda el\u00e9ctrica me espanta. Asusta su declaraci\u00f3n porque se acompa\u00f1a de afirmar en el 2020 apoy\u00f3 a las familias con subsidios. Miente, en los [&hellip;]<\/p>\n","protected":false},"author":1,"featured_media":64933,"comment_status":"open","ping_status":"open","sticky":true,"template":"","format":"standard","meta":{"footnotes":""},"categories":[14,12],"tags":[],"_links":{"self":[{"href":"https:\/\/diariodigitalmx.com\/index.php\/wp-json\/wp\/v2\/posts\/64931"}],"collection":[{"href":"https:\/\/diariodigitalmx.com\/index.php\/wp-json\/wp\/v2\/posts"}],"about":[{"href":"https:\/\/diariodigitalmx.com\/index.php\/wp-json\/wp\/v2\/types\/post"}],"author":[{"embeddable":true,"href":"https:\/\/diariodigitalmx.com\/index.php\/wp-json\/wp\/v2\/users\/1"}],"replies":[{"embeddable":true,"href":"https:\/\/diariodigitalmx.com\/index.php\/wp-json\/wp\/v2\/comments?post=64931"}],"version-history":[{"count":2,"href":"https:\/\/diariodigitalmx.com\/index.php\/wp-json\/wp\/v2\/posts\/64931\/revisions"}],"predecessor-version":[{"id":64934,"href":"https:\/\/diariodigitalmx.com\/index.php\/wp-json\/wp\/v2\/posts\/64931\/revisions\/64934"}],"wp:featuredmedia":[{"embeddable":true,"href":"https:\/\/diariodigitalmx.com\/index.php\/wp-json\/wp\/v2\/media\/64933"}],"wp:attachment":[{"href":"https:\/\/diariodigitalmx.com\/index.php\/wp-json\/wp\/v2\/media?parent=64931"}],"wp:term":[{"taxonomy":"category","embeddable":true,"href":"https:\/\/diariodigitalmx.com\/index.php\/wp-json\/wp\/v2\/categories?post=64931"},{"taxonomy":"post_tag","embeddable":true,"href":"https:\/\/diariodigitalmx.com\/index.php\/wp-json\/wp\/v2\/tags?post=64931"}],"curies":[{"name":"wp","href":"https:\/\/api.w.org\/{rel}","templated":true}]}}