{"id":64959,"date":"2021-10-27T17:19:47","date_gmt":"2021-10-27T22:19:47","guid":{"rendered":"http:\/\/diariodigitalmx.com\/?p=64959"},"modified":"2021-10-27T17:21:25","modified_gmt":"2021-10-27T22:21:25","slug":"tiene-presidenta-del-dif-monterrey-primera-reunion-con-el-voluntariado","status":"publish","type":"post","link":"https:\/\/diariodigitalmx.com\/index.php\/2021\/10\/27\/tiene-presidenta-del-dif-monterrey-primera-reunion-con-el-voluntariado\/","title":{"rendered":"Tiene  Presidenta del DIF Monterrey primera reuni\u00f3n con el voluntariado"},"content":{"rendered":"\n<p><strong>&nbsp;&nbsp;&nbsp;&nbsp;&nbsp;<\/strong>La Presidenta del DIF Monterrey, Maril\u00fa Garc\u00eda de Colosio se reuni\u00f3 con m\u00e1s de un centenar de Voluntarias de la instituci\u00f3n, a quienes hizo un llamado para que generen un encuentro entre las familias que conformen hogares sanos y en paz.<\/p>\n\n\n\n<p>\u00a0\u00a0\u00a0\u00a0 \u00a0\u00a0\u00a0\u00a0\u201cAqu\u00ed estamos, el Gobierno de Monterrey, el Sistema DIF y nuestro gran equipo de voluntarias para apoyarlas a salir adelante juntas y juntos, su presencia es una clara se\u00f1al no solo de solidaridad, sino de corresponsabilidad, en donde el gobierno asume su compromiso, pero convoca a la comunidad, a la iniciativa privada y a las organizaciones sociales a trabajar juntos por la ciudad humana y pr\u00f3spera que deseamos.<\/p>\n\n\n\n<figure class=\"wp-block-image size-large\"><img loading=\"lazy\" decoding=\"async\" width=\"1280\" height=\"853\" src=\"http:\/\/diariodigitalmx.com\/wp-content\/uploads\/2021\/10\/2-1024x682.jpeg\" alt=\"\" class=\"wp-image-64963\" srcset=\"https:\/\/diariodigitalmx.com\/wp-content\/uploads\/2021\/10\/2-1024x682.jpeg 1024w, https:\/\/diariodigitalmx.com\/wp-content\/uploads\/2021\/10\/2-300x200.jpeg 300w, https:\/\/diariodigitalmx.com\/wp-content\/uploads\/2021\/10\/2-768x512.jpeg 768w, https:\/\/diariodigitalmx.com\/wp-content\/uploads\/2021\/10\/2.jpeg 1280w\" sizes=\"(max-width: 1280px) 100vw, 1280px\" \/><\/figure>\n\n\n\n<p>&nbsp;&nbsp;&nbsp;&nbsp; &nbsp;\u201cQuiero que sepan que, pese a que sabemos que enfrentamos grandes retos, nos llena de fuerza contar con aliados como las organizaciones sociales y nuestras voluntarias que nos aportan conocimientos, sensibilidad y manos para trabajar en equipo\u201d, mencion\u00f3 la Primera Dama de Monterrey.<\/p>\n\n\n\n<p>\u00a0\u00a0\u00a0 Durante la Junta Mensual del Voluntariado DIF, que se llev\u00f3 a cabo en el Museo Metropolitano de esta ciudad, recibi\u00f3 a voluntarias, invitadas especiales, al Director General del DIF Monterrey, Jos\u00e9 Francisco Salas Tirado, y a funcionarias de la Administraci\u00f3n Municipal.<\/p>\n\n\n\n<figure class=\"wp-block-image size-large\"><img loading=\"lazy\" decoding=\"async\" width=\"1024\" height=\"682\" src=\"http:\/\/diariodigitalmx.com\/wp-content\/uploads\/2021\/10\/2-1-1024x682.jpeg\" alt=\"\" class=\"wp-image-64965\" srcset=\"https:\/\/diariodigitalmx.com\/wp-content\/uploads\/2021\/10\/2-1-1024x682.jpeg 1024w, https:\/\/diariodigitalmx.com\/wp-content\/uploads\/2021\/10\/2-1-300x200.jpeg 300w, https:\/\/diariodigitalmx.com\/wp-content\/uploads\/2021\/10\/2-1-768x512.jpeg 768w, https:\/\/diariodigitalmx.com\/wp-content\/uploads\/2021\/10\/2-1.jpeg 1280w\" sizes=\"(max-width: 1024px) 100vw, 1024px\" \/><\/figure>\n\n\n\n<p>&nbsp;&nbsp;&nbsp;&nbsp; En el encuentro se llevaron a cabo dos conferencias relacionadas con la prevenci\u00f3n del c\u00e1ncer de mama, la primera: \u201cAm\u00e1ndome Profundamente\u201d, impartida por Rub\u00ed Reyes Zapata, sobreviviente de esta enfermedad y; la segunda: \u201cSaludablemente Rosa\u201d, por parte de Sandra Rodr\u00edguez L\u00f3pez, coordinadora del \u00e1rea de nutrici\u00f3n de la Cruz Rosa A.B.P.<\/p>\n\n\n\n<p>&nbsp;&nbsp;&nbsp;&nbsp; Por \u00faltimo, la Presidenta del DIF Monterrey, Maril\u00fa Garc\u00eda de Colosio, exhort\u00f3 a que m\u00e1s personas voluntarias se unan a esta labor tan gratificante y desinteresada. &nbsp;<\/p>\n","protected":false},"excerpt":{"rendered":"<p>&nbsp;&nbsp;&nbsp;&nbsp;&nbsp;La Presidenta del DIF Monterrey, Maril\u00fa Garc\u00eda de Colosio se reuni\u00f3 con m\u00e1s de un centenar de Voluntarias de la instituci\u00f3n, a quienes hizo un llamado para que generen un encuentro entre las familias que conformen hogares sanos y en paz. \u00a0\u00a0\u00a0\u00a0 \u00a0\u00a0\u00a0\u00a0\u201cAqu\u00ed estamos, el Gobierno de Monterrey, el Sistema DIF y nuestro gran equipo [&hellip;]<\/p>\n","protected":false},"author":1,"featured_media":64961,"comment_status":"open","ping_status":"open","sticky":true,"template":"","format":"standard","meta":{"footnotes":""},"categories":[14,6],"tags":[],"_links":{"self":[{"href":"https:\/\/diariodigitalmx.com\/index.php\/wp-json\/wp\/v2\/posts\/64959"}],"collection":[{"href":"https:\/\/diariodigitalmx.com\/index.php\/wp-json\/wp\/v2\/posts"}],"about":[{"href":"https:\/\/diariodigitalmx.com\/index.php\/wp-json\/wp\/v2\/types\/post"}],"author":[{"embeddable":true,"href":"https:\/\/diariodigitalmx.com\/index.php\/wp-json\/wp\/v2\/users\/1"}],"replies":[{"embeddable":true,"href":"https:\/\/diariodigitalmx.com\/index.php\/wp-json\/wp\/v2\/comments?post=64959"}],"version-history":[{"count":4,"href":"https:\/\/diariodigitalmx.com\/index.php\/wp-json\/wp\/v2\/posts\/64959\/revisions"}],"predecessor-version":[{"id":64966,"href":"https:\/\/diariodigitalmx.com\/index.php\/wp-json\/wp\/v2\/posts\/64959\/revisions\/64966"}],"wp:featuredmedia":[{"embeddable":true,"href":"https:\/\/diariodigitalmx.com\/index.php\/wp-json\/wp\/v2\/media\/64961"}],"wp:attachment":[{"href":"https:\/\/diariodigitalmx.com\/index.php\/wp-json\/wp\/v2\/media?parent=64959"}],"wp:term":[{"taxonomy":"category","embeddable":true,"href":"https:\/\/diariodigitalmx.com\/index.php\/wp-json\/wp\/v2\/categories?post=64959"},{"taxonomy":"post_tag","embeddable":true,"href":"https:\/\/diariodigitalmx.com\/index.php\/wp-json\/wp\/v2\/tags?post=64959"}],"curies":[{"name":"wp","href":"https:\/\/api.w.org\/{rel}","templated":true}]}}