{"id":64980,"date":"2021-10-27T20:18:27","date_gmt":"2021-10-28T01:18:27","guid":{"rendered":"http:\/\/diariodigitalmx.com\/?p=64980"},"modified":"2021-10-27T20:20:17","modified_gmt":"2021-10-28T01:20:17","slug":"muere-el-periodista-deportivo-javier-sahagun","status":"publish","type":"post","link":"https:\/\/diariodigitalmx.com\/index.php\/2021\/10\/27\/muere-el-periodista-deportivo-javier-sahagun\/","title":{"rendered":"Muere el periodista deportivo Javier Sahag\u00fan"},"content":{"rendered":"\n<p>Javier Sahag\u00fan, comentarista y cronista que se dio a conocer por su trabajo, por sus rese\u00f1as e historias deportivas en Televisa Deportes muri\u00f3.&nbsp;<\/p>\n\n\n\n<p>\u200cApenas en este a\u00f1o 2021 form\u00f3 parte de la cobertura de los Juegos Ol\u00edmpicos Tokio 2020.&nbsp;<\/p>\n\n\n\n<p>La informaci\u00f3n de su deceso la dieron a conocer Antonio de Vald\u00e9s, Javier Alarc\u00f3n y TUDN, sin embargo, hay consternaci\u00f3n en el mundo period\u00edstico deportivo.<\/p>\n\n\n\n<figure class=\"wp-block-image size-large\"><img loading=\"lazy\" decoding=\"async\" width=\"980\" height=\"794\" src=\"http:\/\/diariodigitalmx.com\/wp-content\/uploads\/2021\/10\/Screenshot_20211027_200813_com.android.chrome2.jpg\" alt=\"\" class=\"wp-image-64983\" srcset=\"https:\/\/diariodigitalmx.com\/wp-content\/uploads\/2021\/10\/Screenshot_20211027_200813_com.android.chrome2.jpg 980w, https:\/\/diariodigitalmx.com\/wp-content\/uploads\/2021\/10\/Screenshot_20211027_200813_com.android.chrome2-300x243.jpg 300w, https:\/\/diariodigitalmx.com\/wp-content\/uploads\/2021\/10\/Screenshot_20211027_200813_com.android.chrome2-768x622.jpg 768w\" sizes=\"(max-width: 980px) 100vw, 980px\" \/><\/figure>\n\n\n\n<p>Javier Sahag\u00fan fue diagnosticado con c\u00e1ncer en a\u00f1os recientes, y en marzo de 2020 hab\u00eda anunciado que super\u00f3 la enfermedad.&nbsp;<\/p>\n\n\n\n<p>Tuvo una destacada labor como periodista en f\u00fatbol. Cuando Televisa Deportes tuvo los derechos de transmisi\u00f3n de la WWE, hizo dupla con Jorge Pietrasana.&nbsp;<\/p>\n\n\n\n<p>\u200c<\/p>\n","protected":false},"excerpt":{"rendered":"<p>Javier Sahag\u00fan, comentarista y cronista que se dio a conocer por su trabajo, por sus rese\u00f1as e historias deportivas en Televisa Deportes muri\u00f3.&nbsp; \u200cApenas en este a\u00f1o 2021 form\u00f3 parte de la cobertura de los Juegos Ol\u00edmpicos Tokio 2020.&nbsp; La informaci\u00f3n de su deceso la dieron a conocer Antonio de Vald\u00e9s, Javier Alarc\u00f3n y TUDN, [&hellip;]<\/p>\n","protected":false},"author":1,"featured_media":64982,"comment_status":"open","ping_status":"open","sticky":true,"template":"","format":"standard","meta":{"footnotes":""},"categories":[8,5],"tags":[],"_links":{"self":[{"href":"https:\/\/diariodigitalmx.com\/index.php\/wp-json\/wp\/v2\/posts\/64980"}],"collection":[{"href":"https:\/\/diariodigitalmx.com\/index.php\/wp-json\/wp\/v2\/posts"}],"about":[{"href":"https:\/\/diariodigitalmx.com\/index.php\/wp-json\/wp\/v2\/types\/post"}],"author":[{"embeddable":true,"href":"https:\/\/diariodigitalmx.com\/index.php\/wp-json\/wp\/v2\/users\/1"}],"replies":[{"embeddable":true,"href":"https:\/\/diariodigitalmx.com\/index.php\/wp-json\/wp\/v2\/comments?post=64980"}],"version-history":[{"count":2,"href":"https:\/\/diariodigitalmx.com\/index.php\/wp-json\/wp\/v2\/posts\/64980\/revisions"}],"predecessor-version":[{"id":64984,"href":"https:\/\/diariodigitalmx.com\/index.php\/wp-json\/wp\/v2\/posts\/64980\/revisions\/64984"}],"wp:featuredmedia":[{"embeddable":true,"href":"https:\/\/diariodigitalmx.com\/index.php\/wp-json\/wp\/v2\/media\/64982"}],"wp:attachment":[{"href":"https:\/\/diariodigitalmx.com\/index.php\/wp-json\/wp\/v2\/media?parent=64980"}],"wp:term":[{"taxonomy":"category","embeddable":true,"href":"https:\/\/diariodigitalmx.com\/index.php\/wp-json\/wp\/v2\/categories?post=64980"},{"taxonomy":"post_tag","embeddable":true,"href":"https:\/\/diariodigitalmx.com\/index.php\/wp-json\/wp\/v2\/tags?post=64980"}],"curies":[{"name":"wp","href":"https:\/\/api.w.org\/{rel}","templated":true}]}}