{"id":65014,"date":"2021-10-28T14:13:52","date_gmt":"2021-10-28T19:13:52","guid":{"rendered":"http:\/\/diariodigitalmx.com\/?p=65014"},"modified":"2021-10-28T14:14:21","modified_gmt":"2021-10-28T19:14:21","slug":"este-es-el-nuevo-nombre-de-facebook","status":"publish","type":"post","link":"https:\/\/diariodigitalmx.com\/index.php\/2021\/10\/28\/este-es-el-nuevo-nombre-de-facebook\/","title":{"rendered":"Este es el nuevo nombre de Facebook"},"content":{"rendered":"\n<p>La gran inc\u00f3gnita sobre cu\u00e1l ser\u00eda el nuevo nombre de Facebook ya tiene respuesta. Mark Zuckerberg lo revel\u00f3 este jueves durante el evento Facebook Connect.<\/p>\n\n\n\n<p>La empresa que integra a la red social m\u00e1s grande del mundo ahora se llamar\u00e1 &#8220;Meta&#8221; para representar el inicio de una nueva etapa centrada en el metaverso, el cual, asegur\u00f3 Zuckerberg, debe garantizar la privacidad y seguridad de los usuarios.<\/p>\n\n\n\n<p>El metaverso, un t\u00e9rmino acu\u00f1ado por primera vez en una novela dist\u00f3pica hace tres d\u00e9cadas y que ahora genera ruido en Silicon Valley, se refiere en t\u00e9rminos generales a un entorno virtual compartido al que pueden acceder personas que utilizan diferentes dispositivos.<\/p>\n\n\n\n<p>Zuckerberg ha estado promoviendo cada vez m\u00e1s la idea de Facebook, que ha invertido con fuerza en realidad virtual y aumentada, como una empresa &#8220;metaversa&#8221; en vez de una red social.<\/p>\n","protected":false},"excerpt":{"rendered":"<p>La gran inc\u00f3gnita sobre cu\u00e1l ser\u00eda el nuevo nombre de Facebook ya tiene respuesta. Mark Zuckerberg lo revel\u00f3 este jueves durante el evento Facebook Connect. La empresa que integra a la red social m\u00e1s grande del mundo ahora se llamar\u00e1 &#8220;Meta&#8221; para representar el inicio de una nueva etapa centrada en el metaverso, el cual, [&hellip;]<\/p>\n","protected":false},"author":1,"featured_media":65016,"comment_status":"open","ping_status":"open","sticky":true,"template":"","format":"standard","meta":{"footnotes":""},"categories":[3,18],"tags":[],"_links":{"self":[{"href":"https:\/\/diariodigitalmx.com\/index.php\/wp-json\/wp\/v2\/posts\/65014"}],"collection":[{"href":"https:\/\/diariodigitalmx.com\/index.php\/wp-json\/wp\/v2\/posts"}],"about":[{"href":"https:\/\/diariodigitalmx.com\/index.php\/wp-json\/wp\/v2\/types\/post"}],"author":[{"embeddable":true,"href":"https:\/\/diariodigitalmx.com\/index.php\/wp-json\/wp\/v2\/users\/1"}],"replies":[{"embeddable":true,"href":"https:\/\/diariodigitalmx.com\/index.php\/wp-json\/wp\/v2\/comments?post=65014"}],"version-history":[{"count":1,"href":"https:\/\/diariodigitalmx.com\/index.php\/wp-json\/wp\/v2\/posts\/65014\/revisions"}],"predecessor-version":[{"id":65015,"href":"https:\/\/diariodigitalmx.com\/index.php\/wp-json\/wp\/v2\/posts\/65014\/revisions\/65015"}],"wp:featuredmedia":[{"embeddable":true,"href":"https:\/\/diariodigitalmx.com\/index.php\/wp-json\/wp\/v2\/media\/65016"}],"wp:attachment":[{"href":"https:\/\/diariodigitalmx.com\/index.php\/wp-json\/wp\/v2\/media?parent=65014"}],"wp:term":[{"taxonomy":"category","embeddable":true,"href":"https:\/\/diariodigitalmx.com\/index.php\/wp-json\/wp\/v2\/categories?post=65014"},{"taxonomy":"post_tag","embeddable":true,"href":"https:\/\/diariodigitalmx.com\/index.php\/wp-json\/wp\/v2\/tags?post=65014"}],"curies":[{"name":"wp","href":"https:\/\/api.w.org\/{rel}","templated":true}]}}