{"id":65075,"date":"2021-10-28T19:39:16","date_gmt":"2021-10-29T00:39:16","guid":{"rendered":"http:\/\/diariodigitalmx.com\/?p=65075"},"modified":"2021-10-28T19:39:50","modified_gmt":"2021-10-29T00:39:50","slug":"el-disfraz-de-halloween","status":"publish","type":"post","link":"https:\/\/diariodigitalmx.com\/index.php\/2021\/10\/28\/el-disfraz-de-halloween\/","title":{"rendered":"El disfraz de Halloween"},"content":{"rendered":"\n<p>Por Salvador Hern\u00e1ndez <strong><em>LANDEROS<\/em><\/strong><\/p>\n\n\n\n<p><strong><em>Noche de brujas, Halloween\u2026 Noche de brujas, Halloween\u2026<\/em><\/strong><\/p>\n\n\n\n<p>Aunque el domingo es la fecha oficial del <strong><em>\u201cHalloween\u201d<\/em><\/strong>, es seguro que veamos <strong><em>la celebraci\u00f3n de esa \u201cfiesta pagana\u201d desde la noche de este viernes y s\u00e1bado<\/em><\/strong>.<\/p>\n\n\n\n<p>Sin ser pesimistas, ser\u00e1 dif\u00edcil evitar que, en la v\u00edspera del festejo, <strong><em>cientos de j\u00f3venes deambulen por los antros sin que guarden la sana distancia<\/em><\/strong>.<\/p>\n\n\n\n<p><strong><em>A la mejor muchos de ellos ignoran el origen de esta celebraci\u00f3n<\/em><\/strong>, pero puede ser un pretexto para divertirse y socializar sin medir riesgos y contagios.&nbsp;<\/p>\n\n\n\n<p>\u00bfQu\u00e9 es el Halloween? <strong><em>Su nombre es All Hallow\u00b4s Eve (V\u00edspera de Todos los Santos), igual conocido como \u201cNoche de Brujas Samhain\u201d<\/em><\/strong>, (Fin de Verano).<\/p>\n\n\n\n<p>Su celebraci\u00f3n tiene sus ra\u00edces en el antiguo <strong><em>\u201cFestival Celta\u201d<\/em><\/strong>, que coincid\u00eda con <strong><em>el solsticio de oto\u00f1o y el fin de la temporada de cosechas en Irlanda<\/em><\/strong>.<\/p>\n\n\n\n<p><strong><em>\u00bfQu\u00e9 es Celta?<\/em><\/strong> Es un adjetivo para nombrar un conjunto de pueblos. Los celtas viv\u00edan en diferentes territorios y <strong><em>su celebraci\u00f3n inici\u00f3 hace m\u00e1s de 3 mil a\u00f1os<\/em><\/strong>.<\/p>\n\n\n\n<p><strong><em>Actualmente es una fiesta diferente. Este fin de semana desfilar\u00e1n por calles de nuestro entorno, ni\u00f1os, j\u00f3venes y adultos ataviados con alg\u00fan disfraz<\/em><\/strong>.<\/p>\n\n\n\n<p>Ser\u00e1 de contrastes. Se desbordar\u00e1 la \u201cfiesta pagana\u201d en antros de San Pedro, el Barrio Antiguo. <strong><em>En calles de barrios y colonias, las travesuras por golosinas<\/em><\/strong>.<\/p>\n\n\n\n<p>Habr\u00e1 una variaci\u00f3n de disfraces, <strong><em>de espeluznantes esp\u00edritus, brujas elegantes, fr\u00edvolos atav\u00edos de princesa, sin palacio, y otros muy atrevidos<\/em><\/strong> o sangrientos.<\/p>\n\n\n\n<p>En algunos barrios habr\u00e1 quienes peregrinar\u00e1n <strong><em>con el disfraz de a diario, se pintar\u00e1n el rostro para ocultar su verg\u00fcenza, aunque sea s\u00f3lo por una noche<\/em><\/strong>.<\/p>\n\n\n\n<p>A ellos hay que socorrer. <strong><em>La misericordia no tiene disfraz de Halloween<\/em><\/strong>.<\/p>\n\n\n\n<p><a href=\"mailto:chavalolanderos@yahoo.com.mx\">chavalolanderos@yahoo.com.mx<\/a><\/p>\n","protected":false},"excerpt":{"rendered":"<p>Por Salvador Hern\u00e1ndez LANDEROS Noche de brujas, Halloween\u2026 Noche de brujas, Halloween\u2026 Aunque el domingo es la fecha oficial del \u201cHalloween\u201d, es seguro que veamos la celebraci\u00f3n de esa \u201cfiesta pagana\u201d desde la noche de este viernes y s\u00e1bado. Sin ser pesimistas, ser\u00e1 dif\u00edcil evitar que, en la v\u00edspera del festejo, cientos de j\u00f3venes deambulen [&hellip;]<\/p>\n","protected":false},"author":1,"featured_media":65077,"comment_status":"open","ping_status":"open","sticky":true,"template":"","format":"standard","meta":{"footnotes":""},"categories":[14,12],"tags":[],"_links":{"self":[{"href":"https:\/\/diariodigitalmx.com\/index.php\/wp-json\/wp\/v2\/posts\/65075"}],"collection":[{"href":"https:\/\/diariodigitalmx.com\/index.php\/wp-json\/wp\/v2\/posts"}],"about":[{"href":"https:\/\/diariodigitalmx.com\/index.php\/wp-json\/wp\/v2\/types\/post"}],"author":[{"embeddable":true,"href":"https:\/\/diariodigitalmx.com\/index.php\/wp-json\/wp\/v2\/users\/1"}],"replies":[{"embeddable":true,"href":"https:\/\/diariodigitalmx.com\/index.php\/wp-json\/wp\/v2\/comments?post=65075"}],"version-history":[{"count":1,"href":"https:\/\/diariodigitalmx.com\/index.php\/wp-json\/wp\/v2\/posts\/65075\/revisions"}],"predecessor-version":[{"id":65076,"href":"https:\/\/diariodigitalmx.com\/index.php\/wp-json\/wp\/v2\/posts\/65075\/revisions\/65076"}],"wp:featuredmedia":[{"embeddable":true,"href":"https:\/\/diariodigitalmx.com\/index.php\/wp-json\/wp\/v2\/media\/65077"}],"wp:attachment":[{"href":"https:\/\/diariodigitalmx.com\/index.php\/wp-json\/wp\/v2\/media?parent=65075"}],"wp:term":[{"taxonomy":"category","embeddable":true,"href":"https:\/\/diariodigitalmx.com\/index.php\/wp-json\/wp\/v2\/categories?post=65075"},{"taxonomy":"post_tag","embeddable":true,"href":"https:\/\/diariodigitalmx.com\/index.php\/wp-json\/wp\/v2\/tags?post=65075"}],"curies":[{"name":"wp","href":"https:\/\/api.w.org\/{rel}","templated":true}]}}