{"id":65206,"date":"2021-10-30T18:06:30","date_gmt":"2021-10-30T23:06:30","guid":{"rendered":"http:\/\/diariodigitalmx.com\/?p=65206"},"modified":"2021-10-30T18:09:06","modified_gmt":"2021-10-30T23:09:06","slug":"clausuran-exposicion-30-historias-30-anos-30-proyectos-y-presentan-libro-progression","status":"publish","type":"post","link":"https:\/\/diariodigitalmx.com\/index.php\/2021\/10\/30\/clausuran-exposicion-30-historias-30-anos-30-proyectos-y-presentan-libro-progression\/","title":{"rendered":"Clausuran exposici\u00f3n \u201c30 Historias, 30 A\u00f1os, 30 Proyectos\u201d y Presentan Libro \u201cProgression\u201d"},"content":{"rendered":"\n<p><\/p>\n\n\n\n<p>&nbsp;&nbsp;&nbsp;&nbsp;&nbsp;&nbsp;&nbsp;&nbsp;&nbsp;&nbsp;&nbsp;&nbsp;&nbsp;&nbsp;&nbsp;El Gobierno de Monterrey clausur\u00f3 este fin de semana la exposici\u00f3n \u201c30 historias, 30 A\u00f1os, 30 Proyectos\u201d del arquitecto mexicano reconocido en todo el mundo, Francisco Gonz\u00e1lez Pulido, al tiempo que present\u00f3 su libro \u201cProgression\u201d en el marco de la vig\u00e9sima primera Bienal de Arquitectura de Nuevo Le\u00f3n.<\/p>\n\n\n\n<p>\u00a0\u00a0\u00a0\u00a0\u00a0\u00a0\u00a0\u00a0Los cierres de ambos eventos, la exposici\u00f3n y la bienal, se empataron en el Museo Metropolitano de Monterrey, ante lo cual, tanto el Colegio como la Sociedad de Arquitectos de Nuevo Le\u00f3n se manifestaron complacidos por el apoyo del Alcalde Luis Donaldo Colosio, al abrir las puertas de este emblem\u00e1tico recinto para dise\u00f1adores y constructores.<\/p>\n\n\n\n<figure class=\"wp-block-image size-large\"><img loading=\"lazy\" decoding=\"async\" width=\"1024\" height=\"768\" src=\"http:\/\/diariodigitalmx.com\/wp-content\/uploads\/2021\/10\/IMG-20211030-WA0013-1024x768.jpg\" alt=\"\" class=\"wp-image-65209\" srcset=\"https:\/\/diariodigitalmx.com\/wp-content\/uploads\/2021\/10\/IMG-20211030-WA0013-1024x768.jpg 1024w, https:\/\/diariodigitalmx.com\/wp-content\/uploads\/2021\/10\/IMG-20211030-WA0013-300x225.jpg 300w, https:\/\/diariodigitalmx.com\/wp-content\/uploads\/2021\/10\/IMG-20211030-WA0013-768x576.jpg 768w, https:\/\/diariodigitalmx.com\/wp-content\/uploads\/2021\/10\/IMG-20211030-WA0013-1536x1152.jpg 1536w, https:\/\/diariodigitalmx.com\/wp-content\/uploads\/2021\/10\/IMG-20211030-WA0013.jpg 1600w\" sizes=\"(max-width: 1024px) 100vw, 1024px\" \/><\/figure>\n\n\n\n<p>&nbsp;&nbsp;&nbsp;&nbsp;&nbsp;&nbsp;&nbsp;&nbsp;&nbsp;&nbsp;&nbsp;&nbsp;&nbsp;&nbsp;&nbsp;&nbsp;Miguel \u00c1ngel L\u00f3pez M\u00e9ndez, presidente del Colegio de Arquitectos reconoci\u00f3 que, con esta colaboraci\u00f3n, el municipio \u201cse traduce en un gobierno incluyente con sensibilidad hacia la cultura\u201d.&nbsp;<\/p>\n\n\n\n<p>\u00a0\u00a0\u00a0\u00a0\u00a0\u00a0\u00a0\u00a0\u00a0\u00a0\u00a0\u00a0\u00a0\u00a0\u00a0\u00a0Por su parte, Hugo Garza Leal, Director de Cultura del Municipio de Monterrey, ofreci\u00f3 su apoyo para impulsar todas las manifestaciones culturales en esta ciudad.<\/p>\n\n\n\n<figure class=\"wp-block-image size-large\"><img loading=\"lazy\" decoding=\"async\" width=\"843\" height=\"1011\" src=\"http:\/\/diariodigitalmx.com\/wp-content\/uploads\/2021\/10\/IMG-20211030-WA0011.jpg\" alt=\"\" class=\"wp-image-65211\" srcset=\"https:\/\/diariodigitalmx.com\/wp-content\/uploads\/2021\/10\/IMG-20211030-WA0011.jpg 843w, https:\/\/diariodigitalmx.com\/wp-content\/uploads\/2021\/10\/IMG-20211030-WA0011-250x300.jpg 250w, https:\/\/diariodigitalmx.com\/wp-content\/uploads\/2021\/10\/IMG-20211030-WA0011-768x921.jpg 768w\" sizes=\"(max-width: 843px) 100vw, 843px\" \/><\/figure>\n\n\n\n<p>\u00a0\u00a0\u00a0\u00a0\u00a0\u00a0\u00a0\u00a0\u00a0\u00a0\u00a0\u00a0\u00a0\u00a0\u00a0\u00a0\u201cEl d\u00eda de hoy nos reunimos para celebrar la clausura de la Exposici\u00f3n: 30 A\u00f1os,30 Historias, 30 Proyectos\u201d del Arquitecto Francisco Gonz\u00e1lez Pulido y con este motivo se presenta su libro \u201cProgression, el cual en primera persona Francisco nos conduce a un maravilloso viaje por edificios, rascacielos, aeropuertos desde Estados Unidos a Suiza\u201d, detall\u00f3 el funcionario.<\/p>\n\n\n\n<figure class=\"wp-block-image size-large\"><img loading=\"lazy\" decoding=\"async\" width=\"1024\" height=\"668\" src=\"http:\/\/diariodigitalmx.com\/wp-content\/uploads\/2021\/10\/IMG-20211030-WA0010-1024x668.jpg\" alt=\"\" class=\"wp-image-65214\" srcset=\"https:\/\/diariodigitalmx.com\/wp-content\/uploads\/2021\/10\/IMG-20211030-WA0010-1024x668.jpg 1024w, https:\/\/diariodigitalmx.com\/wp-content\/uploads\/2021\/10\/IMG-20211030-WA0010-300x196.jpg 300w, https:\/\/diariodigitalmx.com\/wp-content\/uploads\/2021\/10\/IMG-20211030-WA0010-768x501.jpg 768w, https:\/\/diariodigitalmx.com\/wp-content\/uploads\/2021\/10\/IMG-20211030-WA0010.jpg 1124w\" sizes=\"(max-width: 1024px) 100vw, 1024px\" \/><\/figure>\n\n\n\n<p>\u00a0\u00a0\u00a0\u00a0\u00a0\u00a0\u00a0\u00a0\u00a0\u00a0\u00a0\u00a0\u00a0\u00a0\u00a0\u00a0\u00a0A su vez, el autor del libro y de la muestra, dijo sentirse muy satisfecho por el trato del Alcalde Luis Dolando Colosio que permiti\u00f3 ampliar su exposici\u00f3n unas semanas para formar parte de la celebraci\u00f3n de la Bienal de Arquitectura: \u201cEsto da un mensaje positivo y la importancia que tiene la cultura en su gobierno\u201d, manifest\u00f3.<\/p>\n\n\n\n<figure class=\"wp-block-image size-large\"><img loading=\"lazy\" decoding=\"async\" width=\"1024\" height=\"689\" src=\"http:\/\/diariodigitalmx.com\/wp-content\/uploads\/2021\/10\/IMG-20211030-WA0012-1024x689.jpg\" alt=\"\" class=\"wp-image-65216\" srcset=\"https:\/\/diariodigitalmx.com\/wp-content\/uploads\/2021\/10\/IMG-20211030-WA0012-1024x689.jpg 1024w, https:\/\/diariodigitalmx.com\/wp-content\/uploads\/2021\/10\/IMG-20211030-WA0012-300x202.jpg 300w, https:\/\/diariodigitalmx.com\/wp-content\/uploads\/2021\/10\/IMG-20211030-WA0012-768x517.jpg 768w, https:\/\/diariodigitalmx.com\/wp-content\/uploads\/2021\/10\/IMG-20211030-WA0012.jpg 1122w\" sizes=\"(max-width: 1024px) 100vw, 1024px\" \/><\/figure>\n\n\n\n<p>&nbsp;&nbsp;&nbsp;&nbsp;&nbsp;&nbsp;&nbsp;&nbsp;&nbsp;&nbsp;&nbsp;&nbsp;&nbsp;&nbsp;&nbsp;&nbsp;En este evento se dieron cita distinguidas personalidades del \u00e1mbito de la arquitectura, entre los que destacan: Marco Antonio Vergara V\u00e1zquez, Presidente de la Federaci\u00f3n de Colegios de Arquitectos de la Rep\u00fablica Mexicana; Jos\u00e9 Luis Cortes Delgado, Presidente de la Uni\u00f3n Internacional de Arquitectos; Celia Arredondo Zambrano, catedr\u00e1tica con doctorado en Arquitectura por la Universidad de Oxford; la Arquitecta Claudia Harari Hermosillo; adem\u00e1s de los regidores, Juan Antonio Ch\u00e1vez Contreras , Janet Alicia Sep\u00falveda S\u00e1nchez y Gustavo Morales.<\/p>\n","protected":false},"excerpt":{"rendered":"<p>&nbsp;&nbsp;&nbsp;&nbsp;&nbsp;&nbsp;&nbsp;&nbsp;&nbsp;&nbsp;&nbsp;&nbsp;&nbsp;&nbsp;&nbsp;El Gobierno de Monterrey clausur\u00f3 este fin de semana la exposici\u00f3n \u201c30 historias, 30 A\u00f1os, 30 Proyectos\u201d del arquitecto mexicano reconocido en todo el mundo, Francisco Gonz\u00e1lez Pulido, al tiempo que present\u00f3 su libro \u201cProgression\u201d en el marco de la vig\u00e9sima primera Bienal de Arquitectura de Nuevo Le\u00f3n. \u00a0\u00a0\u00a0\u00a0\u00a0\u00a0\u00a0\u00a0Los cierres de ambos eventos, la exposici\u00f3n [&hellip;]<\/p>\n","protected":false},"author":1,"featured_media":65208,"comment_status":"open","ping_status":"open","sticky":true,"template":"","format":"standard","meta":{"footnotes":""},"categories":[11,5],"tags":[],"_links":{"self":[{"href":"https:\/\/diariodigitalmx.com\/index.php\/wp-json\/wp\/v2\/posts\/65206"}],"collection":[{"href":"https:\/\/diariodigitalmx.com\/index.php\/wp-json\/wp\/v2\/posts"}],"about":[{"href":"https:\/\/diariodigitalmx.com\/index.php\/wp-json\/wp\/v2\/types\/post"}],"author":[{"embeddable":true,"href":"https:\/\/diariodigitalmx.com\/index.php\/wp-json\/wp\/v2\/users\/1"}],"replies":[{"embeddable":true,"href":"https:\/\/diariodigitalmx.com\/index.php\/wp-json\/wp\/v2\/comments?post=65206"}],"version-history":[{"count":5,"href":"https:\/\/diariodigitalmx.com\/index.php\/wp-json\/wp\/v2\/posts\/65206\/revisions"}],"predecessor-version":[{"id":65217,"href":"https:\/\/diariodigitalmx.com\/index.php\/wp-json\/wp\/v2\/posts\/65206\/revisions\/65217"}],"wp:featuredmedia":[{"embeddable":true,"href":"https:\/\/diariodigitalmx.com\/index.php\/wp-json\/wp\/v2\/media\/65208"}],"wp:attachment":[{"href":"https:\/\/diariodigitalmx.com\/index.php\/wp-json\/wp\/v2\/media?parent=65206"}],"wp:term":[{"taxonomy":"category","embeddable":true,"href":"https:\/\/diariodigitalmx.com\/index.php\/wp-json\/wp\/v2\/categories?post=65206"},{"taxonomy":"post_tag","embeddable":true,"href":"https:\/\/diariodigitalmx.com\/index.php\/wp-json\/wp\/v2\/tags?post=65206"}],"curies":[{"name":"wp","href":"https:\/\/api.w.org\/{rel}","templated":true}]}}