{"id":65251,"date":"2021-10-30T23:01:51","date_gmt":"2021-10-31T04:01:51","guid":{"rendered":"http:\/\/diariodigitalmx.com\/?p=65251"},"modified":"2021-10-30T23:27:53","modified_gmt":"2021-10-31T04:27:53","slug":"festival-del-dia-de-muertos-en-el-parque-espana-lo-inaugura-el-alcalde-colosio","status":"publish","type":"post","link":"https:\/\/diariodigitalmx.com\/index.php\/2021\/10\/30\/festival-del-dia-de-muertos-en-el-parque-espana-lo-inaugura-el-alcalde-colosio\/","title":{"rendered":"Festival del D\u00eda de Muertos en el Parque Espa\u00f1a; lo inaugura el Alcalde Colosio"},"content":{"rendered":"\n<p><\/p>\n\n\n\n<p>&nbsp;&nbsp;&nbsp;&nbsp;&nbsp;&nbsp;Para fomentar las tradiciones mexicanas y la uni\u00f3n familiar, el Alcalde de Monterrey, Luis Donaldo Colosio Riojas, encabez\u00f3 la presentaci\u00f3n del Altar de Muertos en el teatro infantil \u201cGabilondo Soler\u201d del Parque Espa\u00f1a, en el arranque del festival que cada a\u00f1o se realiza en el marco del d\u00eda de los fieles difuntos.<\/p>\n\n\n\n<p>&nbsp;&nbsp;&nbsp;&nbsp;&nbsp; El altar se instala en honor a las personalidades como Pipo, Piporro, Pilocho, Adolfo Prieto, y Cri Cri, que se encuentran dentro de los espacios municipales<\/p>\n\n\n\n<p>&nbsp;&nbsp;&nbsp;&nbsp; Ante familias enteras y rodeado de toda clase de seres de inframundo, de monstruos y espectros, el Mun\u00edcipe dio un mensaje a los asistentes para recordar que la fiesta mexicana para conmemorar el D\u00eda de Muertos es una tradici\u00f3n reconocida por la UNESCO como patrimonio cultural y material del mundo.<\/p>\n\n\n\n<p>&nbsp;&nbsp;&nbsp; \u201cSi bien esta fiesta gira alrededor de la muerte, realmente lo que los mexicanos hacemos es celebrar la vida y el gusto de estar juntos\u201d.<\/p>\n\n\n\n<figure class=\"wp-block-image size-large\"><img loading=\"lazy\" decoding=\"async\" width=\"1024\" height=\"682\" src=\"http:\/\/diariodigitalmx.com\/wp-content\/uploads\/2021\/10\/4_332805954118487-1024x682.jpeg\" alt=\"\" class=\"wp-image-65255\" srcset=\"https:\/\/diariodigitalmx.com\/wp-content\/uploads\/2021\/10\/4_332805954118487-1024x682.jpeg 1024w, https:\/\/diariodigitalmx.com\/wp-content\/uploads\/2021\/10\/4_332805954118487-300x200.jpeg 300w, https:\/\/diariodigitalmx.com\/wp-content\/uploads\/2021\/10\/4_332805954118487-768x512.jpeg 768w, https:\/\/diariodigitalmx.com\/wp-content\/uploads\/2021\/10\/4_332805954118487.jpeg 1280w\" sizes=\"(max-width: 1024px) 100vw, 1024px\" \/><\/figure>\n\n\n\n<p>&nbsp;&nbsp;&nbsp;&nbsp; &nbsp;&nbsp;&nbsp;Pidi\u00f3 a los regiomontanos celebrar y disfrutar con responsabilidad, manteniendo las medidas sanitarias e invit\u00f3 a la comunidad a asistir los fines de semana de noviembre.<\/p>\n\n\n\n<p>&nbsp;&nbsp;&nbsp;&nbsp;&nbsp;&nbsp;&nbsp;\u201cEst\u00e1 un ambiente espectacular para que la gente venga y aprecie todo el folklor y la cultura mexicana mezclado tambi\u00e9n con un poquito de las fechas internacionales que rodean tambi\u00e9n las fiestas de Halloween y el d\u00eda de muertos\u201d.<\/p>\n\n\n\n<figure class=\"wp-block-image size-large\"><img loading=\"lazy\" decoding=\"async\" width=\"682\" height=\"1024\" src=\"http:\/\/diariodigitalmx.com\/wp-content\/uploads\/2021\/10\/3_332805899234633-682x1024.jpeg\" alt=\"\" class=\"wp-image-65257\" srcset=\"https:\/\/diariodigitalmx.com\/wp-content\/uploads\/2021\/10\/3_332805899234633-682x1024.jpeg 682w, https:\/\/diariodigitalmx.com\/wp-content\/uploads\/2021\/10\/3_332805899234633-200x300.jpeg 200w, https:\/\/diariodigitalmx.com\/wp-content\/uploads\/2021\/10\/3_332805899234633-768x1152.jpeg 768w, https:\/\/diariodigitalmx.com\/wp-content\/uploads\/2021\/10\/3_332805899234633.jpeg 853w\" sizes=\"(max-width: 682px) 100vw, 682px\" \/><\/figure>\n\n\n\n<p><br>&nbsp;&nbsp;&nbsp;&nbsp; \u201cQue todo mundo aqu\u00ed en Monterrey y en toda la zona metropolitana venga aqu\u00ed al Parque Espa\u00f1a todos los fines de semana de noviembre, viernes, s\u00e1bado y domingo de seis de la tarde a nueve de la noche estar\u00e1n \u00e9stas actividades, el recorrido tenebroso, la casa del barrio, que es una casa de espantos, y la verdad que todo el personal de parques est\u00e1 sumamente entusiasmado y con muchas ganas de recibir a todas las familias para que vengan y aprovechen todo este espacio p\u00fablico y todo este espect\u00e1culo que tienen montado para ustedes\u201d detall\u00f3.<\/p>\n\n\n\n<p>&nbsp;&nbsp;&nbsp;&nbsp; &nbsp;&nbsp;&nbsp;&nbsp;Colosio Riojas dialog\u00f3 con los presentes, se tom\u00f3 la foto del recuerdo y se divirti\u00f3 caminando por el \u201cPaseo Encantado\u201d, donde lo abord\u00f3 la Llorona, el Payaso Eso, la muerte en sus facetas m\u00e1s t\u00e9tricas y muchos otros seres que en esta temporada vienen del m\u00e1s all\u00e1 a visitarnos.<\/p>\n\n\n\n<p>&nbsp;&nbsp;&nbsp;&nbsp;&nbsp; &nbsp;El festival incluye una serie de actividades durante los fines de semana a partir de este 30 de octubre y todos los de noviembre en horario de&nbsp;18:00 a 21:00 horas con entrada gratis.<\/p>\n\n\n\n<figure class=\"wp-block-image size-large\"><img loading=\"lazy\" decoding=\"async\" width=\"1024\" height=\"682\" src=\"http:\/\/diariodigitalmx.com\/wp-content\/uploads\/2021\/10\/5-1-1024x682.jpeg\" alt=\"\" class=\"wp-image-65260\" srcset=\"https:\/\/diariodigitalmx.com\/wp-content\/uploads\/2021\/10\/5-1-1024x682.jpeg 1024w, https:\/\/diariodigitalmx.com\/wp-content\/uploads\/2021\/10\/5-1-300x200.jpeg 300w, https:\/\/diariodigitalmx.com\/wp-content\/uploads\/2021\/10\/5-1-768x512.jpeg 768w, https:\/\/diariodigitalmx.com\/wp-content\/uploads\/2021\/10\/5-1.jpeg 1280w\" sizes=\"(max-width: 1024px) 100vw, 1024px\" \/><\/figure>\n\n\n\n<p>&nbsp;&nbsp;&nbsp;&nbsp;&nbsp; El \u201cPaseo Encantado\u201d es un recorrido del terror con sustos y sorpresas relacionadas al d\u00eda de los fieles difuntos. Ah\u00ed se encuentran 70 diferentes seres interpretados por los propios empleados del \u00e1rea de parques municipal.<\/p>\n\n\n\n<p>&nbsp;&nbsp;&nbsp; &nbsp;\u201cCon mucho entusiasmo y mucho gusto empezamos esta temporada de celebraci\u00f3n del d\u00eda de muertos, tambi\u00e9n con mucho entusiasmo porque podemos empezar a recuperar los espacios p\u00fablicos. Se van a divertir\u201d, dijo la Secretaria de Desarrollo Humano e Igualdad Sustantiva, Ana Luna.&nbsp;<\/p>\n","protected":false},"excerpt":{"rendered":"<p>&nbsp;&nbsp;&nbsp;&nbsp;&nbsp;&nbsp;Para fomentar las tradiciones mexicanas y la uni\u00f3n familiar, el Alcalde de Monterrey, Luis Donaldo Colosio Riojas, encabez\u00f3 la presentaci\u00f3n del Altar de Muertos en el teatro infantil \u201cGabilondo Soler\u201d del Parque Espa\u00f1a, en el arranque del festival que cada a\u00f1o se realiza en el marco del d\u00eda de los fieles difuntos. &nbsp;&nbsp;&nbsp;&nbsp;&nbsp; El altar [&hellip;]<\/p>\n","protected":false},"author":1,"featured_media":65253,"comment_status":"open","ping_status":"open","sticky":true,"template":"","format":"standard","meta":{"footnotes":""},"categories":[6,5],"tags":[],"_links":{"self":[{"href":"https:\/\/diariodigitalmx.com\/index.php\/wp-json\/wp\/v2\/posts\/65251"}],"collection":[{"href":"https:\/\/diariodigitalmx.com\/index.php\/wp-json\/wp\/v2\/posts"}],"about":[{"href":"https:\/\/diariodigitalmx.com\/index.php\/wp-json\/wp\/v2\/types\/post"}],"author":[{"embeddable":true,"href":"https:\/\/diariodigitalmx.com\/index.php\/wp-json\/wp\/v2\/users\/1"}],"replies":[{"embeddable":true,"href":"https:\/\/diariodigitalmx.com\/index.php\/wp-json\/wp\/v2\/comments?post=65251"}],"version-history":[{"count":6,"href":"https:\/\/diariodigitalmx.com\/index.php\/wp-json\/wp\/v2\/posts\/65251\/revisions"}],"predecessor-version":[{"id":65269,"href":"https:\/\/diariodigitalmx.com\/index.php\/wp-json\/wp\/v2\/posts\/65251\/revisions\/65269"}],"wp:featuredmedia":[{"embeddable":true,"href":"https:\/\/diariodigitalmx.com\/index.php\/wp-json\/wp\/v2\/media\/65253"}],"wp:attachment":[{"href":"https:\/\/diariodigitalmx.com\/index.php\/wp-json\/wp\/v2\/media?parent=65251"}],"wp:term":[{"taxonomy":"category","embeddable":true,"href":"https:\/\/diariodigitalmx.com\/index.php\/wp-json\/wp\/v2\/categories?post=65251"},{"taxonomy":"post_tag","embeddable":true,"href":"https:\/\/diariodigitalmx.com\/index.php\/wp-json\/wp\/v2\/tags?post=65251"}],"curies":[{"name":"wp","href":"https:\/\/api.w.org\/{rel}","templated":true}]}}