{"id":653,"date":"2019-02-28T13:41:27","date_gmt":"2019-02-28T19:41:27","guid":{"rendered":"http:\/\/diariodigitalmx.com\/?p=653"},"modified":"2019-02-28T13:41:28","modified_gmt":"2019-02-28T19:41:28","slug":"suspende-estado-empresa-de-molido-de-piedra-caliza","status":"publish","type":"post","link":"https:\/\/diariodigitalmx.com\/index.php\/2019\/02\/28\/suspende-estado-empresa-de-molido-de-piedra-caliza\/","title":{"rendered":"Suspende Estado empresa de molido de piedra caliza"},"content":{"rendered":"\n<p><strong><em>Por inminente riesgo al desequilibrio ecol\u00f3gico, la Procuradur\u00eda Estatal de Desarrollo Sustentable suspendi\u00f3 una compa\u00f1\u00eda de canto rodado.<\/em><\/strong><\/p>\n\n\n\n<p>Cadereyta, N. L.- Luego de comprobarse un inminente riesgo al desequilibrio ecol\u00f3gico por parte de una empresa de canto rodado (molido de piedra caliza), la Procuradur\u00eda Estatal de Desarrollo Sustentable suspendi\u00f3 dos sitios, uno d\u00f3nde se realizaba la&nbsp; molienda de roca, y otro d\u00f3nde se almacenaba el producto terminado en el lecho de R\u00edo Santa Catarina en el municipio de Cadereyta.<\/p>\n\n\n\n<p>El 21 de enero se realiz\u00f3 la primera visita de inspecci\u00f3n por parte de la Procuradur\u00eda, d\u00f3nde se dio cuenta de un predio&nbsp; utilizado como centro de almac\u00e9n y distribuci\u00f3n de agregado de caliza, misma que era llevada de otro punto.<\/p>\n\n\n\n<p>Posteriormente el 30 de enero, los inspectores visitaron otro predio d\u00f3nde se encontr\u00f3 un equipo de trituraci\u00f3n, donde personal de la empresa dijo contar con un permiso expedido por la CONAGUA, sin embargo, \u00e9ste no fue notificado a la Secretaria de Desarrollo Sustentable.<\/p>\n\n\n\n<p>Tanto la molienda como el almacenamiento de piedra caliza son competencia de la Secretar\u00eda, por lo que al no contar esta empresa con los permisos correspondientes se procedi\u00f3 a suspender sus actividades en ambos predios.<\/p>\n\n\n\n<p>Cabe aclarar que se constat\u00f3 en las visitas, se trata solamente de una empresa que recoge material del r\u00edo en un sitio sin realizar extracci\u00f3n por ning\u00fan medio, mientras que el segundo punto, es un almac\u00e9n de la misma empresa.<\/p>\n","protected":false},"excerpt":{"rendered":"<p>Por inminente riesgo al desequilibrio ecol\u00f3gico, la Procuradur\u00eda Estatal de Desarrollo Sustentable suspendi\u00f3 una compa\u00f1\u00eda de canto rodado. Cadereyta, N. L.- Luego de comprobarse un inminente riesgo al desequilibrio ecol\u00f3gico por parte de una empresa de canto rodado (molido de piedra caliza), la Procuradur\u00eda Estatal de Desarrollo Sustentable suspendi\u00f3 dos sitios, uno d\u00f3nde se realizaba [&hellip;]<\/p>\n","protected":false},"author":1,"featured_media":654,"comment_status":"open","ping_status":"open","sticky":true,"template":"","format":"standard","meta":{"footnotes":""},"categories":[6],"tags":[],"_links":{"self":[{"href":"https:\/\/diariodigitalmx.com\/index.php\/wp-json\/wp\/v2\/posts\/653"}],"collection":[{"href":"https:\/\/diariodigitalmx.com\/index.php\/wp-json\/wp\/v2\/posts"}],"about":[{"href":"https:\/\/diariodigitalmx.com\/index.php\/wp-json\/wp\/v2\/types\/post"}],"author":[{"embeddable":true,"href":"https:\/\/diariodigitalmx.com\/index.php\/wp-json\/wp\/v2\/users\/1"}],"replies":[{"embeddable":true,"href":"https:\/\/diariodigitalmx.com\/index.php\/wp-json\/wp\/v2\/comments?post=653"}],"version-history":[{"count":1,"href":"https:\/\/diariodigitalmx.com\/index.php\/wp-json\/wp\/v2\/posts\/653\/revisions"}],"predecessor-version":[{"id":655,"href":"https:\/\/diariodigitalmx.com\/index.php\/wp-json\/wp\/v2\/posts\/653\/revisions\/655"}],"wp:featuredmedia":[{"embeddable":true,"href":"https:\/\/diariodigitalmx.com\/index.php\/wp-json\/wp\/v2\/media\/654"}],"wp:attachment":[{"href":"https:\/\/diariodigitalmx.com\/index.php\/wp-json\/wp\/v2\/media?parent=653"}],"wp:term":[{"taxonomy":"category","embeddable":true,"href":"https:\/\/diariodigitalmx.com\/index.php\/wp-json\/wp\/v2\/categories?post=653"},{"taxonomy":"post_tag","embeddable":true,"href":"https:\/\/diariodigitalmx.com\/index.php\/wp-json\/wp\/v2\/tags?post=653"}],"curies":[{"name":"wp","href":"https:\/\/api.w.org\/{rel}","templated":true}]}}