{"id":65327,"date":"2021-10-31T22:20:20","date_gmt":"2021-11-01T04:20:20","guid":{"rendered":"http:\/\/diariodigitalmx.com\/?p=65327"},"modified":"2021-10-31T22:22:19","modified_gmt":"2021-11-01T04:22:19","slug":"octavio-ocana-muere-por-disparo-accidental-conducia-alcoholizado-dice-dictamen-de-la-fiscalia","status":"publish","type":"post","link":"https:\/\/diariodigitalmx.com\/index.php\/2021\/10\/31\/octavio-ocana-muere-por-disparo-accidental-conducia-alcoholizado-dice-dictamen-de-la-fiscalia\/","title":{"rendered":"Octavio Oca\u00f1a muere por disparo accidental; conduc\u00eda alcoholizado, dice dictamen de la Fiscal\u00eda"},"content":{"rendered":"\n<p>La Fiscal\u00eda General de Justicia del Estado de M\u00e9xico revel\u00f3 este domingo el dictamen pericial por el caso del actor Octavio Oca\u00f1a, Benito en la serie Vecinos, en el que se asegura que el joven de 22 a\u00f1os conduc\u00eda alcoholizado y muri\u00f3 a causa de un disparo accidental de la arma que ten\u00eda en su mano derecha.<\/p>\n\n\n\n<p>En un comunicado, la dependencia indic\u00f3 que el actor muri\u00f3 por el impacto de arma de fuego en la cabeza mientras que se accion\u00f3 al estrellar la camioneta en la que viajaba y tras la persecuci\u00f3n.<\/p>\n\n\n\n<p>En el reporte de la Fiscal\u00eda, se reiter\u00f3 la declaraci\u00f3n de las personas que viajaban con el actor.<\/p>\n\n\n\n<p>&#8220;Este sujeto declar\u00f3 que en un momento de esta persecuci\u00f3n el conductor sac\u00f3 de la guantera de la camioneta un arma de fuego, la cual empu\u00f1\u00f3 en la mano derecha, mientras conduc\u00eda con la izquierda y manten\u00eda su huida. Cabe se\u00f1alar que durante esta persecuci\u00f3n la camioneta se impact\u00f3 con diversos veh\u00edculos&#8221;, se lee en el comunicado.<\/p>\n\n\n\n<figure class=\"wp-block-image size-large\"><img loading=\"lazy\" decoding=\"async\" width=\"1024\" height=\"512\" src=\"http:\/\/diariodigitalmx.com\/wp-content\/uploads\/2021\/10\/video.-octavio-ocana-se-encontraba-con-vida-despues-de-haber-chocado-1024x512.jpg\" alt=\"\" class=\"wp-image-65330\" srcset=\"https:\/\/diariodigitalmx.com\/wp-content\/uploads\/2021\/10\/video.-octavio-ocana-se-encontraba-con-vida-despues-de-haber-chocado-1024x512.jpg 1024w, https:\/\/diariodigitalmx.com\/wp-content\/uploads\/2021\/10\/video.-octavio-ocana-se-encontraba-con-vida-despues-de-haber-chocado-300x150.jpg 300w, https:\/\/diariodigitalmx.com\/wp-content\/uploads\/2021\/10\/video.-octavio-ocana-se-encontraba-con-vida-despues-de-haber-chocado-768x384.jpg 768w, https:\/\/diariodigitalmx.com\/wp-content\/uploads\/2021\/10\/video.-octavio-ocana-se-encontraba-con-vida-despues-de-haber-chocado.jpg 1210w\" sizes=\"(max-width: 1024px) 100vw, 1024px\" \/><\/figure>\n\n\n\n<p>Tras la prueba pericial de bal\u00edstica practicada al arma de fuego que portaba Octavio Oca\u00f1a arroj\u00f3 que \u00e9sta corresponde a un calibre .380, y ten\u00eda dos cartuchos \u00fatiles.<\/p>\n\n\n\n<p>&#8220;En la inspecci\u00f3n a la camioneta fue localizado un casquillo percutido, mismo que de igual manera fue sometido a la prueba de bal\u00edstica antes referida y \u00e9sta determin\u00f3 que fue disparado por el arma de fuego calibre .380 ya mencionada&#8221;.<\/p>\n\n\n\n<figure class=\"wp-block-image size-large\"><img loading=\"lazy\" decoding=\"async\" width=\"739\" height=\"415\" src=\"http:\/\/diariodigitalmx.com\/wp-content\/uploads\/2021\/10\/images-3-11.jpeg\" alt=\"\" class=\"wp-image-65332\" srcset=\"https:\/\/diariodigitalmx.com\/wp-content\/uploads\/2021\/10\/images-3-11.jpeg 739w, https:\/\/diariodigitalmx.com\/wp-content\/uploads\/2021\/10\/images-3-11-300x168.jpeg 300w\" sizes=\"(max-width: 739px) 100vw, 739px\" \/><\/figure>\n\n\n\n<p>De acuerdo con la declaraci\u00f3n de uno de los polic\u00edas que se acerc\u00f3 a la camioneta, ya impactada, del actor y lo encontr\u00f3 con &#8220;una lesi\u00f3n en la parte derecha de la cabeza, misma que se encontraba a\u00fan con vida y empu\u00f1aba un arma de fuego en la mano derecha; por protocolo esta arma le fue retirada al conductor, para posteriormente ponerla a disposici\u00f3n del Ministerio P\u00fablico con la debida cadena de custodia&#8221;.<\/p>\n\n\n\n<p>El dictamen tambi\u00e9n se\u00f1ala que se determin\u00f3 &#8220;positivo a alcohol, con presencia de etanol por arriba del punto de corte (80mg\/ml), con una concentraci\u00f3n de 143\/mg\/dl; de igual manera, result\u00f3 con presencia de tetrahidrocannabinol por arriba del punto de corte (50ng\/ml), la cual fue mayor a 100ng\/ml&#8221;.<\/p>\n","protected":false},"excerpt":{"rendered":"<p>La Fiscal\u00eda General de Justicia del Estado de M\u00e9xico revel\u00f3 este domingo el dictamen pericial por el caso del actor Octavio Oca\u00f1a, Benito en la serie Vecinos, en el que se asegura que el joven de 22 a\u00f1os conduc\u00eda alcoholizado y muri\u00f3 a causa de un disparo accidental de la arma que ten\u00eda en su [&hellip;]<\/p>\n","protected":false},"author":1,"featured_media":65329,"comment_status":"open","ping_status":"open","sticky":true,"template":"","format":"standard","meta":{"footnotes":""},"categories":[9,3],"tags":[],"_links":{"self":[{"href":"https:\/\/diariodigitalmx.com\/index.php\/wp-json\/wp\/v2\/posts\/65327"}],"collection":[{"href":"https:\/\/diariodigitalmx.com\/index.php\/wp-json\/wp\/v2\/posts"}],"about":[{"href":"https:\/\/diariodigitalmx.com\/index.php\/wp-json\/wp\/v2\/types\/post"}],"author":[{"embeddable":true,"href":"https:\/\/diariodigitalmx.com\/index.php\/wp-json\/wp\/v2\/users\/1"}],"replies":[{"embeddable":true,"href":"https:\/\/diariodigitalmx.com\/index.php\/wp-json\/wp\/v2\/comments?post=65327"}],"version-history":[{"count":3,"href":"https:\/\/diariodigitalmx.com\/index.php\/wp-json\/wp\/v2\/posts\/65327\/revisions"}],"predecessor-version":[{"id":65334,"href":"https:\/\/diariodigitalmx.com\/index.php\/wp-json\/wp\/v2\/posts\/65327\/revisions\/65334"}],"wp:featuredmedia":[{"embeddable":true,"href":"https:\/\/diariodigitalmx.com\/index.php\/wp-json\/wp\/v2\/media\/65329"}],"wp:attachment":[{"href":"https:\/\/diariodigitalmx.com\/index.php\/wp-json\/wp\/v2\/media?parent=65327"}],"wp:term":[{"taxonomy":"category","embeddable":true,"href":"https:\/\/diariodigitalmx.com\/index.php\/wp-json\/wp\/v2\/categories?post=65327"},{"taxonomy":"post_tag","embeddable":true,"href":"https:\/\/diariodigitalmx.com\/index.php\/wp-json\/wp\/v2\/tags?post=65327"}],"curies":[{"name":"wp","href":"https:\/\/api.w.org\/{rel}","templated":true}]}}