{"id":65477,"date":"2021-11-03T08:06:58","date_gmt":"2021-11-03T14:06:58","guid":{"rendered":"http:\/\/diariodigitalmx.com\/?p=65477"},"modified":"2021-11-03T08:11:59","modified_gmt":"2021-11-03T14:11:59","slug":"van-samuel-y-esposa-a-audiencia-de-los-miercoles-del-papa-francisco","status":"publish","type":"post","link":"https:\/\/diariodigitalmx.com\/index.php\/2021\/11\/03\/van-samuel-y-esposa-a-audiencia-de-los-miercoles-del-papa-francisco\/","title":{"rendered":"Van Samuel y esposa a audiencia de los mi\u00e9rcoles del Papa Francisco"},"content":{"rendered":"\n<figure class=\"wp-block-video\"><video controls src=\"http:\/\/diariodigitalmx.com\/wp-content\/uploads\/2021\/11\/19mp4_.mp4\"><\/video><\/figure>\n\n\n\n<p> Walter Elizondo <\/p>\n\n\n\n<p>&#8211;\u00a0 Por fin, el Gobernador de Nuevo Le\u00f3n, Samuel Garc\u00eda Sep\u00falveda y su esposa Mariana Rodr\u00edguez, saludaron al Papa Francisco, en la audiencia p\u00fablica de los mi\u00e9rcoles.\u00a0<\/p>\n\n\n\n<p>La pareja se traslad\u00f3 de Glasgow, en la Cumbre Clim\u00e1tica, hasta la Ciudad del Vaticano, en Roma, Italia.&nbsp;<\/p>\n\n\n\n<p>\u201cSanto padre, Nuevo Le\u00f3n, Monterrey, M\u00e9xico\u201d, dice el Gobernador al Papa durante el saludo de apenas unos segundos.\u00a0<\/p>\n\n\n\n<p>&#8220;Bendecidos por el Papa&#8221;, se\u00f1ala a su vez&nbsp; Mariana Rodr\u00edguez, seg\u00fan se observa en las cuentas de Instagram de ambos.&nbsp;<\/p>\n\n\n\n<p>Inclusive se ve que el gobernador de Nuevo Le\u00f3n lleva un jersey de los equipos locales Rayados y Tigres, que habr\u00eda regalado a Francisco.&nbsp;<\/p>\n\n\n\n<p>A Samuel Garc\u00eda y la primera dama les toc\u00f3 estar sentados en la segunda fila durante la audiencia del Papa Francisco en una de las aulas, y antes tuvieron la oportunidad de realizar el tour guiado por Ciudad del Vaticano y el cual se puede adquirir.&nbsp;<\/p>\n\n\n\n<p>La visita a la audiencia p\u00fablica la realiz\u00f3 la pareja tras trasladarse de Glasgow en la Cumbre Clim\u00e1tica a donde asistieron.&nbsp;<\/p>\n\n\n\n<p>La presencia en el Vaticano se da luego de que el 25 de octubre Garc\u00eda Sep\u00falveda anunci\u00f3 que hab\u00edan sido invitados a saludar al Papa, tras de que Mariana Rodr\u00edguez se cort\u00f3 el cabello en solidaridad con un ni\u00f1o enfermo de Leucemia, acci\u00f3n, dijo el Gobernador, les impact\u00f3 y por eso la invitaci\u00f3n.&nbsp;<\/p>\n\n\n\n<p>Luego surgi\u00f3 la pol\u00e9mica de que no hab\u00edan sido invitados a una audiencia privada, pero ahora se despej\u00f3 la situaci\u00f3n con la visita, aunque estuvieron en segunda fila.&nbsp;<\/p>\n","protected":false},"excerpt":{"rendered":"<p>Walter Elizondo &#8211;\u00a0 Por fin, el Gobernador de Nuevo Le\u00f3n, Samuel Garc\u00eda Sep\u00falveda y su esposa Mariana Rodr\u00edguez, saludaron al Papa Francisco, en la audiencia p\u00fablica de los mi\u00e9rcoles.\u00a0 La pareja se traslad\u00f3 de Glasgow, en la Cumbre Clim\u00e1tica, hasta la Ciudad del Vaticano, en Roma, Italia.&nbsp; \u201cSanto padre, Nuevo Le\u00f3n, Monterrey, M\u00e9xico\u201d, dice el [&hellip;]<\/p>\n","protected":false},"author":1,"featured_media":65479,"comment_status":"open","ping_status":"open","sticky":true,"template":"","format":"standard","meta":{"footnotes":""},"categories":[14,6],"tags":[],"_links":{"self":[{"href":"https:\/\/diariodigitalmx.com\/index.php\/wp-json\/wp\/v2\/posts\/65477"}],"collection":[{"href":"https:\/\/diariodigitalmx.com\/index.php\/wp-json\/wp\/v2\/posts"}],"about":[{"href":"https:\/\/diariodigitalmx.com\/index.php\/wp-json\/wp\/v2\/types\/post"}],"author":[{"embeddable":true,"href":"https:\/\/diariodigitalmx.com\/index.php\/wp-json\/wp\/v2\/users\/1"}],"replies":[{"embeddable":true,"href":"https:\/\/diariodigitalmx.com\/index.php\/wp-json\/wp\/v2\/comments?post=65477"}],"version-history":[{"count":5,"href":"https:\/\/diariodigitalmx.com\/index.php\/wp-json\/wp\/v2\/posts\/65477\/revisions"}],"predecessor-version":[{"id":65485,"href":"https:\/\/diariodigitalmx.com\/index.php\/wp-json\/wp\/v2\/posts\/65477\/revisions\/65485"}],"wp:featuredmedia":[{"embeddable":true,"href":"https:\/\/diariodigitalmx.com\/index.php\/wp-json\/wp\/v2\/media\/65479"}],"wp:attachment":[{"href":"https:\/\/diariodigitalmx.com\/index.php\/wp-json\/wp\/v2\/media?parent=65477"}],"wp:term":[{"taxonomy":"category","embeddable":true,"href":"https:\/\/diariodigitalmx.com\/index.php\/wp-json\/wp\/v2\/categories?post=65477"},{"taxonomy":"post_tag","embeddable":true,"href":"https:\/\/diariodigitalmx.com\/index.php\/wp-json\/wp\/v2\/tags?post=65477"}],"curies":[{"name":"wp","href":"https:\/\/api.w.org\/{rel}","templated":true}]}}