{"id":65529,"date":"2021-11-03T22:57:10","date_gmt":"2021-11-04T04:57:10","guid":{"rendered":"http:\/\/diariodigitalmx.com\/?p=65529"},"modified":"2021-11-03T22:57:44","modified_gmt":"2021-11-04T04:57:44","slug":"un-peligro-la-reforma-electrica-de-amlo-carlos-urzua","status":"publish","type":"post","link":"https:\/\/diariodigitalmx.com\/index.php\/2021\/11\/03\/un-peligro-la-reforma-electrica-de-amlo-carlos-urzua\/","title":{"rendered":"Un peligro la reforma el\u00e9ctrica de AMLO: Carlos Urz\u00faa"},"content":{"rendered":"\n<p>M\u00e9xico est\u00e1 en peligro&nbsp; ante la pretensi\u00f3n de una reforma el\u00e9ctrica propuesta que ser\u00e1 el error m\u00e1s grande del sexenio, advirti\u00f3 el ex secretario de Hacienda, Carlos Urz\u00faa.<\/p>\n\n\n\n<p>&nbsp;&#8220;La reforma el\u00e9ctrica ser\u00e1 el error m\u00e1s grande de todo el sexenio por los efectos a corto, mediano y largo plazos. El gobierno est\u00e1 subestimando lo que puede pasar con el rechazo a las energ\u00edas limpias&#8221;, dijo el ex funcionario al referirse a la propuesta del presidente Andr\u00e9s Manuel L\u00f3pez.&nbsp;<\/p>\n\n\n\n<p>Dijo que para crecer de manera sostenible en los pr\u00f3ximos a\u00f1os, M\u00e9xico necesita inversi\u00f3n, que la m\u00ednima deber\u00eda representar el 25% del Producto Interno Bruto (PIB) (20% por parte de la Iniciativa Privada y 5% p\u00fablica).&nbsp;<\/p>\n\n\n\n<p>Urz\u00faa Mac\u00edas tuvo una reuni\u00f3n privada con diputados federales de Movimiento Ciudadano en la que estuvieron presentes Jorge \u00c1lvarez M\u00e1ynez, coordinador de la bancada en San L\u00e1zaro; Salom\u00f3n Chertorivski, Amalia Garc\u00eda e Ivonne Ortega.<\/p>\n\n\n\n<p>Explic\u00f3 que las decisiones del gobierno han creado incertidumbre, con lo que ha ca\u00eddo la inversi\u00f3n de los empresarios.<\/p>\n\n\n\n<p>Estima que la inversi\u00f3n total en 2021 sea cerca del 18%, y de eso la p\u00fablica represent\u00f3 menos del 3%. &#8220;Gran parte de ese porcentaje del gobierno se va a los megaproyectos&#8221;.<\/p>\n\n\n\n<p>Tambi\u00e9n advirti\u00f3 que el crecimiento del PIB para 2022 est\u00e1 sobreestimado. &#8220;Con los rezagos de la pandemia y el ritmo de recuperaci\u00f3n econ\u00f3mica se ve complicado un escenario mayor al 3%.<\/p>\n\n\n\n<p>A este panorama, el experto puntualiz\u00f3 que los ingresos tributarios del pa\u00eds representan el 14% del PIB, por lo que nos situamos en el \u00faltimo lugar de los pa\u00edses miembro de la OCDE en recaudaci\u00f3n y la mitad de esos ingresos se destinan \u00fanicamente a pensiones, mientras que el resto se tiene que dividir en salud, educaci\u00f3n y seguridad, principalmente.<\/p>\n\n\n\n<p>Record\u00f3 que \u00e9l fue cr\u00edtico de la cancelaci\u00f3n del Aeropuerto Internacional de la Ciudad de M\u00e9xico y que existen otras obras que resultan un riesgo para el pa\u00eds y para la inversi\u00f3n privada, como la refiner\u00eda en Dos Bocas, en Tabasco<\/p>\n","protected":false},"excerpt":{"rendered":"<p>M\u00e9xico est\u00e1 en peligro&nbsp; ante la pretensi\u00f3n de una reforma el\u00e9ctrica propuesta que ser\u00e1 el error m\u00e1s grande del sexenio, advirti\u00f3 el ex secretario de Hacienda, Carlos Urz\u00faa. &nbsp;&#8220;La reforma el\u00e9ctrica ser\u00e1 el error m\u00e1s grande de todo el sexenio por los efectos a corto, mediano y largo plazos. El gobierno est\u00e1 subestimando lo que [&hellip;]<\/p>\n","protected":false},"author":1,"featured_media":65531,"comment_status":"open","ping_status":"open","sticky":true,"template":"","format":"standard","meta":{"footnotes":""},"categories":[2,3],"tags":[],"_links":{"self":[{"href":"https:\/\/diariodigitalmx.com\/index.php\/wp-json\/wp\/v2\/posts\/65529"}],"collection":[{"href":"https:\/\/diariodigitalmx.com\/index.php\/wp-json\/wp\/v2\/posts"}],"about":[{"href":"https:\/\/diariodigitalmx.com\/index.php\/wp-json\/wp\/v2\/types\/post"}],"author":[{"embeddable":true,"href":"https:\/\/diariodigitalmx.com\/index.php\/wp-json\/wp\/v2\/users\/1"}],"replies":[{"embeddable":true,"href":"https:\/\/diariodigitalmx.com\/index.php\/wp-json\/wp\/v2\/comments?post=65529"}],"version-history":[{"count":1,"href":"https:\/\/diariodigitalmx.com\/index.php\/wp-json\/wp\/v2\/posts\/65529\/revisions"}],"predecessor-version":[{"id":65530,"href":"https:\/\/diariodigitalmx.com\/index.php\/wp-json\/wp\/v2\/posts\/65529\/revisions\/65530"}],"wp:featuredmedia":[{"embeddable":true,"href":"https:\/\/diariodigitalmx.com\/index.php\/wp-json\/wp\/v2\/media\/65531"}],"wp:attachment":[{"href":"https:\/\/diariodigitalmx.com\/index.php\/wp-json\/wp\/v2\/media?parent=65529"}],"wp:term":[{"taxonomy":"category","embeddable":true,"href":"https:\/\/diariodigitalmx.com\/index.php\/wp-json\/wp\/v2\/categories?post=65529"},{"taxonomy":"post_tag","embeddable":true,"href":"https:\/\/diariodigitalmx.com\/index.php\/wp-json\/wp\/v2\/tags?post=65529"}],"curies":[{"name":"wp","href":"https:\/\/api.w.org\/{rel}","templated":true}]}}