{"id":6555,"date":"2019-06-25T20:34:43","date_gmt":"2019-06-26T01:34:43","guid":{"rendered":"http:\/\/diariodigitalmx.com\/?p=6555"},"modified":"2019-10-18T18:04:39","modified_gmt":"2019-10-18T23:04:39","slug":"celebra-karina-barron-paridad-total-pide-armonizacion","status":"publish","type":"post","link":"https:\/\/diariodigitalmx.com\/index.php\/2019\/06\/25\/celebra-karina-barron-paridad-total-pide-armonizacion\/","title":{"rendered":"Celebra Karina Barr\u00f3n &#8220;Paridad Total&#8221;; pide armonizaci\u00f3n"},"content":{"rendered":"\n<p>La presidenta de la Comisi\u00f3n para la Igualdad de G\u00e9nero, la diputada de Movimiento Ciudadano, Karina Barr\u00f3n Perales, celebr\u00f3 la aprobaci\u00f3n de la Minuta de \u201cParidad Total\u201d, que garantiza el acceso igualitario entre hombres y mujeres, a cargos p\u00fablicos en los tres niveles de gobierno.<\/p>\n\n\n\n<p>Sin embargo urgi\u00f3 a armonizar la constituci\u00f3n local y las leyes secundarias con la norma federal, a fin de garantizar el acceso total, transversal y horizontal, para las mujeres, a cargos de primer nivel, hist\u00f3ricamente reservados solo para hombres.<\/p>\n\n\n\n<p>Durante la sesi\u00f3n del per\u00edodo extraordinario el Congreso del Estado se uni\u00f3 a la lista de entidades que ya avalaron la minuta de \u201cParidad Total\u201d, pero no lo hizo dentro de las primeras 17 entidades, necesarias para su entrada en vigor. Pese al retraso, Karina Barr\u00f3n reconoci\u00f3 que se trata de un hecho hist\u00f3rico y debe ser el parte aguas para m\u00e1s reformas en favor de las mujeres.<\/p>\n\n\n\n<p>\u201cCelebramos la entrada en vigor y la aprobaci\u00f3n en nuestra Legislatura de la Reforma constitucional que garantiza la igualdad y paridad de g\u00e9nero en los cargos p\u00fablicos y en la representaci\u00f3n pol\u00edtica, con lo cual se da respuesta a la exigencia de la participaci\u00f3n equilibrada de las mujeres y hombres\u2026 tenemos la gran tarea de revertir las brechas que separan a mujeres y hombres en lo pol\u00edtico, el principio de igualdad en la postulaci\u00f3n de candidatas a presidentas municipales, ser\u00e1 una realidad\u201d, explic\u00f3 Karina Barr\u00f3n.<\/p>\n\n\n\n<p>\u201cEs hora de ver a las mujeres en el Poder Judicial y en el gabinete, hasta hoy ausentes. As\u00ed como tambi\u00e9n en los partidos pol\u00edticos y en los organismos aut\u00f3nomos. S\u00ed, paridad total en cualquier entidad, \u00f3rgano u organismo que ejerza funciones de autoridad. Evidentemente, a nivel local falta mucho por hacer, debemos armonizar nuestro texto constitucional con la reforma federal\u201d, a\u00f1adi\u00f3.<\/p>\n\n\n\n<p>El pasado 29 de mayo, la presidenta de la Comisi\u00f3n para la Igualdad de G\u00e9nero present\u00f3 una propuesta para reformar 13 art\u00edculos de la Constituci\u00f3n Local para la paridad total, en la cuales se incluye el t\u00e9rmino de paridad de g\u00e9nero en la designaci\u00f3n o selecci\u00f3n de todos los cargos en los tres \u00f3rdenes de gobierno, as\u00ed como en candidaturas postuladas por partidos pol\u00edticos y en el caso de las de origen independiente.<\/p>\n\n\n\n<p>La minuta de paridad fue aprobada por mayor\u00eda de los diputados locales presentes en la sesi\u00f3n.<\/p>\n\n\n\n<figure class=\"wp-block-image\"><img loading=\"lazy\" decoding=\"async\" width=\"766\" height=\"400\" src=\"http:\/\/diariodigitalmx.com\/wp-content\/uploads\/2019\/06\/images.png\" alt=\"\" class=\"wp-image-6558\" srcset=\"https:\/\/diariodigitalmx.com\/wp-content\/uploads\/2019\/06\/images.png 766w, https:\/\/diariodigitalmx.com\/wp-content\/uploads\/2019\/06\/images-300x157.png 300w, https:\/\/diariodigitalmx.com\/wp-content\/uploads\/2019\/06\/images-390x205.png 390w\" sizes=\"(max-width: 766px) 100vw, 766px\" \/><\/figure>\n","protected":false},"excerpt":{"rendered":"<p>La presidenta de la Comisi\u00f3n para la Igualdad de G\u00e9nero, la diputada de Movimiento Ciudadano, Karina Barr\u00f3n Perales, celebr\u00f3 la aprobaci\u00f3n de la Minuta de \u201cParidad Total\u201d, que garantiza el acceso igualitario entre hombres y mujeres, a cargos p\u00fablicos en los tres niveles de gobierno. Sin embargo urgi\u00f3 a armonizar la constituci\u00f3n local y las [&hellip;]<\/p>\n","protected":false},"author":1,"featured_media":6557,"comment_status":"open","ping_status":"open","sticky":true,"template":"","format":"standard","meta":{"footnotes":""},"categories":[6],"tags":[],"_links":{"self":[{"href":"https:\/\/diariodigitalmx.com\/index.php\/wp-json\/wp\/v2\/posts\/6555"}],"collection":[{"href":"https:\/\/diariodigitalmx.com\/index.php\/wp-json\/wp\/v2\/posts"}],"about":[{"href":"https:\/\/diariodigitalmx.com\/index.php\/wp-json\/wp\/v2\/types\/post"}],"author":[{"embeddable":true,"href":"https:\/\/diariodigitalmx.com\/index.php\/wp-json\/wp\/v2\/users\/1"}],"replies":[{"embeddable":true,"href":"https:\/\/diariodigitalmx.com\/index.php\/wp-json\/wp\/v2\/comments?post=6555"}],"version-history":[{"count":2,"href":"https:\/\/diariodigitalmx.com\/index.php\/wp-json\/wp\/v2\/posts\/6555\/revisions"}],"predecessor-version":[{"id":6559,"href":"https:\/\/diariodigitalmx.com\/index.php\/wp-json\/wp\/v2\/posts\/6555\/revisions\/6559"}],"wp:featuredmedia":[{"embeddable":true,"href":"https:\/\/diariodigitalmx.com\/index.php\/wp-json\/wp\/v2\/media\/6557"}],"wp:attachment":[{"href":"https:\/\/diariodigitalmx.com\/index.php\/wp-json\/wp\/v2\/media?parent=6555"}],"wp:term":[{"taxonomy":"category","embeddable":true,"href":"https:\/\/diariodigitalmx.com\/index.php\/wp-json\/wp\/v2\/categories?post=6555"},{"taxonomy":"post_tag","embeddable":true,"href":"https:\/\/diariodigitalmx.com\/index.php\/wp-json\/wp\/v2\/tags?post=6555"}],"curies":[{"name":"wp","href":"https:\/\/api.w.org\/{rel}","templated":true}]}}