{"id":65564,"date":"2021-11-04T12:11:33","date_gmt":"2021-11-04T18:11:33","guid":{"rendered":"http:\/\/diariodigitalmx.com\/?p=65564"},"modified":"2021-11-04T12:19:45","modified_gmt":"2021-11-04T18:19:45","slug":"aplicaran-en-escobedo-segunda-dosis-a-jovenes-de-18-a-29-anos","status":"publish","type":"post","link":"https:\/\/diariodigitalmx.com\/index.php\/2021\/11\/04\/aplicaran-en-escobedo-segunda-dosis-a-jovenes-de-18-a-29-anos\/","title":{"rendered":"Aplicar\u00e1n en Escobedo, segunda dosis a j\u00f3venes de 18 a 29 a\u00f1os"},"content":{"rendered":"\n<p>En Escobedo ya se encuentran listos para aplicar la segunda dosis de la vacuna COVID-19 de la farmac\u00e9utica Pfizer a los j\u00f3venes de 18 a 29 a\u00f1os de edad, as\u00ed como a la poblaci\u00f3n rezagada de 30 a\u00f1os o m\u00e1s que est\u00e9n pendientes con la segunda aplicaci\u00f3n y embarazadas mayores de 18 a\u00f1os con 9 semanas de gestaci\u00f3n.&nbsp;<\/p>\n\n\n\n<p>Desde el d\u00eda lunes 8 de noviembre hasta el mi\u00e9rcoles 10, se estar\u00e1 vacunando en cuatro sedes establecidas, pues el objetivo es que en Escobedo se vacune a toda la poblaci\u00f3n.<\/p>\n\n\n\n<figure class=\"wp-block-image size-large\"><img loading=\"lazy\" decoding=\"async\" width=\"1024\" height=\"687\" src=\"http:\/\/diariodigitalmx.com\/wp-content\/uploads\/2021\/11\/Screenshot_20211104_121804_com.google.android.apps_.photos2-1024x687.jpg\" alt=\"\" class=\"wp-image-65569\" srcset=\"https:\/\/diariodigitalmx.com\/wp-content\/uploads\/2021\/11\/Screenshot_20211104_121804_com.google.android.apps_.photos2-1024x687.jpg 1024w, https:\/\/diariodigitalmx.com\/wp-content\/uploads\/2021\/11\/Screenshot_20211104_121804_com.google.android.apps_.photos2-300x201.jpg 300w, https:\/\/diariodigitalmx.com\/wp-content\/uploads\/2021\/11\/Screenshot_20211104_121804_com.google.android.apps_.photos2-768x515.jpg 768w, https:\/\/diariodigitalmx.com\/wp-content\/uploads\/2021\/11\/Screenshot_20211104_121804_com.google.android.apps_.photos2.jpg 1056w\" sizes=\"(max-width: 1024px) 100vw, 1024px\" \/><\/figure>\n\n\n\n<p>El Alcalde Andr\u00e9s Mijes Llovera, indic\u00f3 que el ingreso ser\u00e1 por medio de registro previo y en horarios establecidos en base a la primera letra del apellido paterno.<\/p>\n\n\n\n<p>\u201cUn requisito es que vivan en Escobedo, es importante atender las instrucciones y respetar los d\u00edas y horarios asignados por el Gobierno Federal\u201d, se\u00f1al\u00f3.&nbsp;<\/p>\n\n\n\n<p>El lunes 8 de noviembre a las 8:00 horas, podr\u00e1n acudir las personas cuyo apellido inicie con las letras \u201cA\u201d, a las 10 los de la letra \u201cB\u201d, a las 12 los de las letras \u201cC\u201d; y a las 2 de la tarde, los de las letras \u201cD, E y F\u201d.<\/p>\n\n\n\n<figure class=\"wp-block-image size-large\"><img loading=\"lazy\" decoding=\"async\" width=\"1020\" height=\"710\" src=\"http:\/\/diariodigitalmx.com\/wp-content\/uploads\/2021\/11\/Screenshot_20211104_121815_com.google.android.apps_.photos2.jpg\" alt=\"\" class=\"wp-image-65571\" srcset=\"https:\/\/diariodigitalmx.com\/wp-content\/uploads\/2021\/11\/Screenshot_20211104_121815_com.google.android.apps_.photos2.jpg 1020w, https:\/\/diariodigitalmx.com\/wp-content\/uploads\/2021\/11\/Screenshot_20211104_121815_com.google.android.apps_.photos2-300x209.jpg 300w, https:\/\/diariodigitalmx.com\/wp-content\/uploads\/2021\/11\/Screenshot_20211104_121815_com.google.android.apps_.photos2-768x535.jpg 768w\" sizes=\"(max-width: 1020px) 100vw, 1020px\" \/><\/figure>\n\n\n\n<p>El martes 9, acudir\u00e1n a las 8:00 de la ma\u00f1ana los de la letra \u201cG, a las 10 los de las letras \u201cH\u201d, a las 12 los de las letras \u201cI, J, K y L\u201d y a las 2 de la tarde los de las letras \u201cM, N y \u00d1\u201d.<\/p>\n\n\n\n<p>Por \u00faltimo, el mi\u00e9rcoles acudir\u00e1n a las 8:00 horas las personas cuyo apellido paterno inicie con las letras \u201cO, P y Q\u201d, a las 10:00 la letra \u201cR\u201d, a las 12:00 los de la letra \u201cS\u201d, mientras que a las 14:00 horas acudir\u00e1n los de las letras \u201cT, U, V, W, X, Y, Z\u201d.&nbsp;<\/p>\n\n\n\n<p>Se tienen contempladas cuatro sedes para la aplicaci\u00f3n de las vacunas las cuales son:<\/p>\n\n\n\n<p>1- El Auditorio Municipal ubicado en Benito Ju\u00e1rez 500, Centro de Escobedo.<\/p>\n\n\n\n<p>2.- Plaza Sendero, Avenida Manuel L. Barrag\u00e1n que se encuentran en Manuel L. Barrag\u00e1n y Sendero Norte No.130.<\/p>\n\n\n\n<p>3.- Deportivo Alianza Real, ubicado en Antiguo Camino a San Miguel S\/N, Colonia Alianza Real.<\/p>\n\n\n\n<p>4.- Unidad Deportiva Poniente ubicada en Avenida Las Torres, en la colonia Fraccionamiento Parque Industrial un lado del C4.<\/p>\n\n\n\n<p>Es importante que acudan con el expediente de vacunaci\u00f3n impreso, el cual se obtiene en la p\u00e1gina <a href=\"https:\/\/mivacuna.salud.gob.mx\/index.php\">https:\/\/mivacuna.salud.gob.mx\/index.php<\/a>&nbsp;<\/p>\n\n\n\n<p><strong>Mayor informaci\u00f3n al tel\u00e9fono del CIACE. &#8211; 81 83 84 59 01.<\/strong><\/p>\n","protected":false},"excerpt":{"rendered":"<p>En Escobedo ya se encuentran listos para aplicar la segunda dosis de la vacuna COVID-19 de la farmac\u00e9utica Pfizer a los j\u00f3venes de 18 a 29 a\u00f1os de edad, as\u00ed como a la poblaci\u00f3n rezagada de 30 a\u00f1os o m\u00e1s que est\u00e9n pendientes con la segunda aplicaci\u00f3n y embarazadas mayores de 18 a\u00f1os con 9 [&hellip;]<\/p>\n","protected":false},"author":1,"featured_media":65567,"comment_status":"open","ping_status":"open","sticky":true,"template":"","format":"standard","meta":{"footnotes":""},"categories":[14,6],"tags":[],"_links":{"self":[{"href":"https:\/\/diariodigitalmx.com\/index.php\/wp-json\/wp\/v2\/posts\/65564"}],"collection":[{"href":"https:\/\/diariodigitalmx.com\/index.php\/wp-json\/wp\/v2\/posts"}],"about":[{"href":"https:\/\/diariodigitalmx.com\/index.php\/wp-json\/wp\/v2\/types\/post"}],"author":[{"embeddable":true,"href":"https:\/\/diariodigitalmx.com\/index.php\/wp-json\/wp\/v2\/users\/1"}],"replies":[{"embeddable":true,"href":"https:\/\/diariodigitalmx.com\/index.php\/wp-json\/wp\/v2\/comments?post=65564"}],"version-history":[{"count":3,"href":"https:\/\/diariodigitalmx.com\/index.php\/wp-json\/wp\/v2\/posts\/65564\/revisions"}],"predecessor-version":[{"id":65572,"href":"https:\/\/diariodigitalmx.com\/index.php\/wp-json\/wp\/v2\/posts\/65564\/revisions\/65572"}],"wp:featuredmedia":[{"embeddable":true,"href":"https:\/\/diariodigitalmx.com\/index.php\/wp-json\/wp\/v2\/media\/65567"}],"wp:attachment":[{"href":"https:\/\/diariodigitalmx.com\/index.php\/wp-json\/wp\/v2\/media?parent=65564"}],"wp:term":[{"taxonomy":"category","embeddable":true,"href":"https:\/\/diariodigitalmx.com\/index.php\/wp-json\/wp\/v2\/categories?post=65564"},{"taxonomy":"post_tag","embeddable":true,"href":"https:\/\/diariodigitalmx.com\/index.php\/wp-json\/wp\/v2\/tags?post=65564"}],"curies":[{"name":"wp","href":"https:\/\/api.w.org\/{rel}","templated":true}]}}