{"id":65573,"date":"2021-11-04T14:23:01","date_gmt":"2021-11-04T20:23:01","guid":{"rendered":"http:\/\/diariodigitalmx.com\/?p=65573"},"modified":"2021-11-04T14:23:39","modified_gmt":"2021-11-04T20:23:39","slug":"requieres-cumplir-estas-medidas-para-entrar-al-festival-pal-norte","status":"publish","type":"post","link":"https:\/\/diariodigitalmx.com\/index.php\/2021\/11\/04\/requieres-cumplir-estas-medidas-para-entrar-al-festival-pal-norte\/","title":{"rendered":"Requieres cumplir estas medidas para entrar al Festival Pa&#8217;l Norte"},"content":{"rendered":"\n<p>Walter Elizondo&nbsp;<\/p>\n\n\n\n<p>Monterrey &#8211; Quienes quieran ingresar al Festival Pa&#8217;l Norte 2021 deber\u00e1n llevar su certificado de vacunaci\u00f3n, estableci\u00f3 la Secretar\u00eda de Salud estatal.<\/p>\n\n\n\n<p>Adem\u00e1s, no se permitir\u00e1 el acceso a menores de 15 a\u00f1os y a mujeres embarazadas.&nbsp;<\/p>\n\n\n\n<p>El aforo al Festival Pa&#8217;l Norte el pr\u00f3ximo viernes 12 y s\u00e1bado 13 de noviembre ser\u00e1 del 40 por ciento.<\/p>\n\n\n\n<p>Alma Rosa Marroqu\u00edn, titular de Salud dijo que la capacidad en este tipo de festivales era de hasta de 160 mil personas, pero el m\u00e1ximo permitido ser\u00e1 de 64 mil asistentes.<\/p>\n\n\n\n<p>Quienes tengan el certificado incompleto de vacuna porque les falta una&nbsp; dosis tendr\u00e1n que llevar una prueba de ant\u00edgenos negativa a Covid realizada en las \u00faltimas 72 horas.<\/p>\n\n\n\n<p>Si el certificado no est\u00e1 actualizado y no se tenga ni siquiera una dosis, tambi\u00e9n deber\u00e1n presentar una prueba PCR no mayor a 72 horas, y los adolescentes de 15 a 17 a\u00f1os que no tienen la vacuna deben de llevar una PCR de Covid 19.<\/p>\n\n\n\n<p>Marroqu\u00edn explic\u00f3 que se contar\u00e1 con personal de la empresa organizadora, de los servicios de Salud y de la Secretar\u00eda, de tal manera que m\u00e1s de 2 mil 700 personas van a estar vigilando el cumplimiento a todas estas medidas.<\/p>\n\n\n\n<p>Tambi\u00e9n habr\u00e1 12 ambulancias y 50 carpas de aislamiento para personas que identifiquen con s\u00edntomas de Covid, 10 puestos m\u00e9dicos, 150 param\u00e9dicos y 300 personas que validar\u00e1n el cumplimiento de los protocolos sanitarios.<\/p>\n\n\n\n<p>Asimismo, habr\u00e1 otras 350 personas en &#8220;patrullas Covid&#8221; para invitar a la gente a no quitarse el cubrebocas y para supervisar que no fumen.<\/p>\n\n\n\n<p>El evento se realizar\u00e1 en el Parque Fundidora y las autoridad estatal solicit\u00f3 a la empresa que no haya amontonamiento de personas.&nbsp;<\/p>\n","protected":false},"excerpt":{"rendered":"<p>Walter Elizondo&nbsp; Monterrey &#8211; Quienes quieran ingresar al Festival Pa&#8217;l Norte 2021 deber\u00e1n llevar su certificado de vacunaci\u00f3n, estableci\u00f3 la Secretar\u00eda de Salud estatal. Adem\u00e1s, no se permitir\u00e1 el acceso a menores de 15 a\u00f1os y a mujeres embarazadas.&nbsp; El aforo al Festival Pa&#8217;l Norte el pr\u00f3ximo viernes 12 y s\u00e1bado 13 de noviembre ser\u00e1 [&hellip;]<\/p>\n","protected":false},"author":1,"featured_media":65575,"comment_status":"open","ping_status":"open","sticky":true,"template":"","format":"standard","meta":{"footnotes":""},"categories":[6,3],"tags":[],"_links":{"self":[{"href":"https:\/\/diariodigitalmx.com\/index.php\/wp-json\/wp\/v2\/posts\/65573"}],"collection":[{"href":"https:\/\/diariodigitalmx.com\/index.php\/wp-json\/wp\/v2\/posts"}],"about":[{"href":"https:\/\/diariodigitalmx.com\/index.php\/wp-json\/wp\/v2\/types\/post"}],"author":[{"embeddable":true,"href":"https:\/\/diariodigitalmx.com\/index.php\/wp-json\/wp\/v2\/users\/1"}],"replies":[{"embeddable":true,"href":"https:\/\/diariodigitalmx.com\/index.php\/wp-json\/wp\/v2\/comments?post=65573"}],"version-history":[{"count":2,"href":"https:\/\/diariodigitalmx.com\/index.php\/wp-json\/wp\/v2\/posts\/65573\/revisions"}],"predecessor-version":[{"id":65576,"href":"https:\/\/diariodigitalmx.com\/index.php\/wp-json\/wp\/v2\/posts\/65573\/revisions\/65576"}],"wp:featuredmedia":[{"embeddable":true,"href":"https:\/\/diariodigitalmx.com\/index.php\/wp-json\/wp\/v2\/media\/65575"}],"wp:attachment":[{"href":"https:\/\/diariodigitalmx.com\/index.php\/wp-json\/wp\/v2\/media?parent=65573"}],"wp:term":[{"taxonomy":"category","embeddable":true,"href":"https:\/\/diariodigitalmx.com\/index.php\/wp-json\/wp\/v2\/categories?post=65573"},{"taxonomy":"post_tag","embeddable":true,"href":"https:\/\/diariodigitalmx.com\/index.php\/wp-json\/wp\/v2\/tags?post=65573"}],"curies":[{"name":"wp","href":"https:\/\/api.w.org\/{rel}","templated":true}]}}