{"id":65594,"date":"2021-11-05T00:09:47","date_gmt":"2021-11-05T06:09:47","guid":{"rendered":"http:\/\/diariodigitalmx.com\/?p=65594"},"modified":"2021-11-05T00:19:14","modified_gmt":"2021-11-05T06:19:14","slug":"65594","status":"publish","type":"post","link":"https:\/\/diariodigitalmx.com\/index.php\/2021\/11\/05\/65594\/","title":{"rendered":"Sol, luna, estrellas y 2 eclipses en M\u00e9xico"},"content":{"rendered":"\n<p>Daniela Montalvo Herrera <\/p>\n\n\n\n<p>Desde el 2020 un grupo de amigos, aficionados todos al Universo y al Cosmos, decidieron organizarse y fundar el 26 de diciembre de ese mismo a\u00f1o la Sociedad Astron\u00f3mica de Nuevo Le\u00f3n, M\u00e9xico.<\/p>\n\n\n\n<figure class=\"wp-block-image size-large\"><img loading=\"lazy\" decoding=\"async\" width=\"925\" height=\"711\" src=\"http:\/\/diariodigitalmx.com\/wp-content\/uploads\/2021\/11\/IMG-20211104-WA0032.jpg\" alt=\"\" class=\"wp-image-65599\" srcset=\"https:\/\/diariodigitalmx.com\/wp-content\/uploads\/2021\/11\/IMG-20211104-WA0032.jpg 925w, https:\/\/diariodigitalmx.com\/wp-content\/uploads\/2021\/11\/IMG-20211104-WA0032-300x231.jpg 300w, https:\/\/diariodigitalmx.com\/wp-content\/uploads\/2021\/11\/IMG-20211104-WA0032-768x590.jpg 768w\" sizes=\"(max-width: 925px) 100vw, 925px\" \/><\/figure>\n\n\n\n<p>De distintas profesiones, quienes integran la Sociedad han estado trabajando muy duro para propagar el conocimiento del Universo, actualmente la Presidenta de la Sociedad es la Astrof\u00edsica, Tania Victoria Arguijo Herrera.<\/p>\n\n\n\n<p>La misi\u00f3n de Tania es aplicar la f\u00edsica y matem\u00e1tica al entendimiento del Universo, es decir, explicar el Cosmo de forma cient\u00edfica.<\/p>\n\n\n\n<figure class=\"wp-block-image size-large\"><img loading=\"lazy\" decoding=\"async\" width=\"857\" height=\"665\" src=\"http:\/\/diariodigitalmx.com\/wp-content\/uploads\/2021\/11\/IMG-20211104-WA0033-1.jpg\" alt=\"\" class=\"wp-image-65601\" srcset=\"https:\/\/diariodigitalmx.com\/wp-content\/uploads\/2021\/11\/IMG-20211104-WA0033-1.jpg 857w, https:\/\/diariodigitalmx.com\/wp-content\/uploads\/2021\/11\/IMG-20211104-WA0033-1-300x233.jpg 300w, https:\/\/diariodigitalmx.com\/wp-content\/uploads\/2021\/11\/IMG-20211104-WA0033-1-768x596.jpg 768w\" sizes=\"(max-width: 857px) 100vw, 857px\" \/><\/figure>\n\n\n\n<p>El objetivo de la Sociedad es transmitir conocimientos, a trav\u00e9s de actividades como:<\/p>\n\n\n\n<ul><li>Veladas astron\u00f3micas<\/li><li>Conferencias<\/li><li>Talleres<\/li><li>Platicas en escuelas y municipios&nbsp;<\/li><li>Astro-acampadas&nbsp;<\/li><li>Asesor\u00edas de uso y armado de telescopios&nbsp;<\/li><\/ul>\n\n\n\n<p>Tania tiene un lema: \u201cLa astronom\u00eda no puede ser inalcanzable\u201d, de ah\u00ed que la Sociedad no tenga fines de lucro y si bien organizan eventos privados, el dinero se destina al mantenimiento de equipos, traslados, oficina, etc.&nbsp;<\/p>\n\n\n\n<p><br><\/p>\n\n\n\n<figure class=\"wp-block-image size-large\"><img loading=\"lazy\" decoding=\"async\" width=\"844\" height=\"626\" src=\"http:\/\/diariodigitalmx.com\/wp-content\/uploads\/2021\/11\/IMG-20211104-WA0034.jpg\" alt=\"\" class=\"wp-image-65604\" srcset=\"https:\/\/diariodigitalmx.com\/wp-content\/uploads\/2021\/11\/IMG-20211104-WA0034.jpg 844w, https:\/\/diariodigitalmx.com\/wp-content\/uploads\/2021\/11\/IMG-20211104-WA0034-300x223.jpg 300w, https:\/\/diariodigitalmx.com\/wp-content\/uploads\/2021\/11\/IMG-20211104-WA0034-768x570.jpg 768w\" sizes=\"(max-width: 844px) 100vw, 844px\" \/><\/figure>\n\n\n\n<p>Y bueno, un par de eventos de talla internacional est\u00e1n por ocurrir y la Sociedad se esta preparando para ello, resulta que vamos a vivir dos eclipses que ser\u00e1n visibles en M\u00e9xico y por supuesto los ojos del mundo estar\u00e1n aqu\u00ed.&nbsp;<\/p>\n\n\n\n<p>Se ha formado el movimiento \u201cRuta eclipse 2023-2024\u201d, que aglutina agrupaciones internacionales, gobierno, medios de comunicaci\u00f3n, agrupaciones locales (lugar donde se ver\u00e1n los eclipses) y agrupaciones locales externas (lugares donde no se ver\u00e1 el eclipse pero son Mexicanas) y en el que por supuesto participa la Sociedad.<\/p>\n\n\n\n<figure class=\"wp-block-image size-large\"><img loading=\"lazy\" decoding=\"async\" width=\"668\" height=\"835\" src=\"http:\/\/diariodigitalmx.com\/wp-content\/uploads\/2021\/11\/IMG-20211104-WA0035.jpg\" alt=\"\" class=\"wp-image-65606\" srcset=\"https:\/\/diariodigitalmx.com\/wp-content\/uploads\/2021\/11\/IMG-20211104-WA0035.jpg 668w, https:\/\/diariodigitalmx.com\/wp-content\/uploads\/2021\/11\/IMG-20211104-WA0035-240x300.jpg 240w\" sizes=\"(max-width: 668px) 100vw, 668px\" \/><\/figure>\n\n\n\n<p>Eclipse 2023&nbsp;<\/p>\n\n\n\n<p>El primer eclipse que esta por acontecer, ser\u00e1 el 14 octubre 2023, va a atravesar la Pen\u00ednsula de Yucat\u00e1n y ser\u00e1 un eclipse anular de sol, es decir, se tapar\u00e1 por completo el Sol, pero ser ver\u00e1 un halo de luz alrededor.<\/p>\n\n\n\n<figure class=\"wp-block-image size-large\"><img loading=\"lazy\" decoding=\"async\" width=\"503\" height=\"586\" src=\"http:\/\/diariodigitalmx.com\/wp-content\/uploads\/2021\/11\/IMG-20211105-WA0003.jpg\" alt=\"\" class=\"wp-image-65608\" srcset=\"https:\/\/diariodigitalmx.com\/wp-content\/uploads\/2021\/11\/IMG-20211105-WA0003.jpg 503w, https:\/\/diariodigitalmx.com\/wp-content\/uploads\/2021\/11\/IMG-20211105-WA0003-258x300.jpg 258w\" sizes=\"(max-width: 503px) 100vw, 503px\" \/><\/figure>\n\n\n\n<p><br>Eclipse 2024<\/p>\n\n\n\n<p>El eclipse 2024, ser\u00e1 uno de lo m\u00e1s importantes a nivel mundial, ocurrir\u00e1 el 8 de abril y ser\u00e1 un solar total, es decir, no se ver\u00e1 nada, estaremos a obscuras.&nbsp;<\/p>\n\n\n\n<p><br><\/p>\n\n\n\n<figure class=\"wp-block-image size-large\"><img loading=\"lazy\" decoding=\"async\" width=\"986\" height=\"671\" src=\"http:\/\/diariodigitalmx.com\/wp-content\/uploads\/2021\/11\/IMG-20211105-WA0002.jpg\" alt=\"\" class=\"wp-image-65612\" srcset=\"https:\/\/diariodigitalmx.com\/wp-content\/uploads\/2021\/11\/IMG-20211105-WA0002.jpg 986w, https:\/\/diariodigitalmx.com\/wp-content\/uploads\/2021\/11\/IMG-20211105-WA0002-300x204.jpg 300w, https:\/\/diariodigitalmx.com\/wp-content\/uploads\/2021\/11\/IMG-20211105-WA0002-768x523.jpg 768w\" sizes=\"(max-width: 986px) 100vw, 986px\" \/><\/figure>\n\n\n\n<p>El 8 de noviembre, se arranca el proyecto, la alcaldesa de Mapimi, Durango, cita a la sociedad e interesados, toda vez que al ser un evento tan importante se espera una gran afluencia de visitantes, nacionales y extranjeros; y todos los sectores de servicios tur\u00edsticos deber\u00e1n estar preparados.&nbsp;<\/p>\n\n\n\n<p>Ser\u00e1 un evento irrepetible, pues el pr\u00f3ximo se espera hasta dentro de 150 a\u00f1os.<\/p>\n\n\n\n<figure class=\"wp-block-image size-large\"><img loading=\"lazy\" decoding=\"async\" width=\"783\" height=\"501\" src=\"http:\/\/diariodigitalmx.com\/wp-content\/uploads\/2021\/11\/IMG-20211105-WA0001.jpg\" alt=\"\" class=\"wp-image-65614\" srcset=\"https:\/\/diariodigitalmx.com\/wp-content\/uploads\/2021\/11\/IMG-20211105-WA0001.jpg 783w, https:\/\/diariodigitalmx.com\/wp-content\/uploads\/2021\/11\/IMG-20211105-WA0001-300x192.jpg 300w, https:\/\/diariodigitalmx.com\/wp-content\/uploads\/2021\/11\/IMG-20211105-WA0001-768x491.jpg 768w\" sizes=\"(max-width: 783px) 100vw, 783px\" \/><\/figure>\n\n\n\n<p>Mientras tanto, la Sociedad estar\u00e1 realizando eventos cada mes en los d\u00edas 8 y 14, en honor a los d\u00edas en los que se producir\u00e1n los eclipses, entre las actividades que se esperan lograr esta preparar a M\u00e9xico para vivirlo, ir a todas las escuelas para explicar como podemos verlos.<\/p>\n\n\n\n<p><br><\/p>\n\n\n\n<figure class=\"wp-block-image size-large\"><img loading=\"lazy\" decoding=\"async\" width=\"578\" height=\"714\" src=\"http:\/\/diariodigitalmx.com\/wp-content\/uploads\/2021\/11\/IMG-20211105-WA0000.jpg\" alt=\"\" class=\"wp-image-65617\" srcset=\"https:\/\/diariodigitalmx.com\/wp-content\/uploads\/2021\/11\/IMG-20211105-WA0000.jpg 578w, https:\/\/diariodigitalmx.com\/wp-content\/uploads\/2021\/11\/IMG-20211105-WA0000-243x300.jpg 243w\" sizes=\"(max-width: 578px) 100vw, 578px\" \/><\/figure>\n\n\n\n<p>Lo m\u00e1s importante es que vivir los eclipses nos dar\u00e1 la oportunidad de conocer acerca de ellos, Tania nos dice que en sus platicas y charlas, espera derrumbar algunas supersticiones como que las embarazadas se cuelguen un segurito en la panza para protegerse; todo con miras a formar una sociedad con conocimiento del Universo.<\/p>\n\n\n\n<p>Si te interesa puedes visitarlos en: https:\/\/www.facebook.com\/SociedadAstroNL\/<\/p>\n\n\n\n<p><strong><em>Un pa\u00eds tan diverso y multicultural como M\u00e9xico, para una vida resulta sin fin.<\/em><\/strong><\/p>\n\n\n\n<p><strong><em>Vis\u00edtanos en M\u00e9xico Sin Fin en Facebook:&nbsp;&nbsp;<\/em><\/strong><\/p>\n\n\n\n<figure class=\"wp-block-embed\"><div class=\"wp-block-embed__wrapper\">\nhttps:\/\/www.facebook.com\/mexxicosinfin\n<\/div><\/figure>\n\n\n\n<figure class=\"wp-block-embed\"><div class=\"wp-block-embed__wrapper\">\nhttps:\/\/www.instagram.com\/mexxicosinfin\/\n<\/div><\/figure>\n\n\n\n<p><strong><em>WhatsApp: 8111706390<\/em><\/strong><\/p>\n","protected":false},"excerpt":{"rendered":"<p>Daniela Montalvo Herrera Desde el 2020 un grupo de amigos, aficionados todos al Universo y al Cosmos, decidieron organizarse y fundar el 26 de diciembre de ese mismo a\u00f1o la Sociedad Astron\u00f3mica de Nuevo Le\u00f3n, M\u00e9xico. De distintas profesiones, quienes integran la Sociedad han estado trabajando muy duro para propagar el conocimiento del Universo, actualmente [&hellip;]<\/p>\n","protected":false},"author":1,"featured_media":65598,"comment_status":"open","ping_status":"open","sticky":true,"template":"","format":"standard","meta":{"footnotes":""},"categories":[3,17],"tags":[],"_links":{"self":[{"href":"https:\/\/diariodigitalmx.com\/index.php\/wp-json\/wp\/v2\/posts\/65594"}],"collection":[{"href":"https:\/\/diariodigitalmx.com\/index.php\/wp-json\/wp\/v2\/posts"}],"about":[{"href":"https:\/\/diariodigitalmx.com\/index.php\/wp-json\/wp\/v2\/types\/post"}],"author":[{"embeddable":true,"href":"https:\/\/diariodigitalmx.com\/index.php\/wp-json\/wp\/v2\/users\/1"}],"replies":[{"embeddable":true,"href":"https:\/\/diariodigitalmx.com\/index.php\/wp-json\/wp\/v2\/comments?post=65594"}],"version-history":[{"count":14,"href":"https:\/\/diariodigitalmx.com\/index.php\/wp-json\/wp\/v2\/posts\/65594\/revisions"}],"predecessor-version":[{"id":65621,"href":"https:\/\/diariodigitalmx.com\/index.php\/wp-json\/wp\/v2\/posts\/65594\/revisions\/65621"}],"wp:featuredmedia":[{"embeddable":true,"href":"https:\/\/diariodigitalmx.com\/index.php\/wp-json\/wp\/v2\/media\/65598"}],"wp:attachment":[{"href":"https:\/\/diariodigitalmx.com\/index.php\/wp-json\/wp\/v2\/media?parent=65594"}],"wp:term":[{"taxonomy":"category","embeddable":true,"href":"https:\/\/diariodigitalmx.com\/index.php\/wp-json\/wp\/v2\/categories?post=65594"},{"taxonomy":"post_tag","embeddable":true,"href":"https:\/\/diariodigitalmx.com\/index.php\/wp-json\/wp\/v2\/tags?post=65594"}],"curies":[{"name":"wp","href":"https:\/\/api.w.org\/{rel}","templated":true}]}}