{"id":6634,"date":"2019-06-26T17:47:03","date_gmt":"2019-06-26T22:47:03","guid":{"rendered":"http:\/\/diariodigitalmx.com\/?p=6634"},"modified":"2019-10-18T17:48:20","modified_gmt":"2019-10-18T22:48:20","slug":"felicita-papa-a-mexico-porque-es-tan-acogedor-con-los-migrantes","status":"publish","type":"post","link":"https:\/\/diariodigitalmx.com\/index.php\/2019\/06\/26\/felicita-papa-a-mexico-porque-es-tan-acogedor-con-los-migrantes\/","title":{"rendered":"Felicita Papa a M\u00e9xico, porque es &#8220;tan acogedor&#8221; con los migrantes"},"content":{"rendered":"\n<p>\n\nEl papa Francisco felicit\u00f3 hoy a los mexicanos por ser tan &#8220;acogedores&#8221; con los migrantes, durante el saludo a los fieles en espa\u00f1ol tras la audiencia general celebrada en la plaza de San Pedro.<\/p>\n\n\n\n<p>Como es habitual, Francisco salud\u00f3 a los grupos de fieles procedentes de Espa\u00f1a y Latinoam\u00e9rica y entre ellos al grupo de peregrinos de Tlalnepantla, acompa\u00f1ados de su arzobispo, Jos\u00e9 Antonio Fern\u00e1ndez Hurtado, y pidi\u00f3 entonces al Esp\u00edritu Santo &#8220;para que nuestras comunidades sean acogedoras y solidarias, viviendo la liturgia como encuentro con Dios y con los hermanos&#8221;.<\/p>\n\n\n\n<p>Y entonces dirigi\u00e9ndose a los fieles mexicanos dijo: &#8220;Yo quiero felicitar a los mexicanos porque son tan acogedores con los migrantes. Que Dios se lo pague&#8221;.<\/p>\n\n\n\n<p>Desde mediados de octubre del a\u00f1o pasado, miles de migrantes, la mayor\u00eda de ellos centroamericanos, han cruzado M\u00e9xico en caravanas con el fin de llegar a Estados Unidos, causando choques diplom\u00e1ticos entre ambas naciones.<\/p>\n\n\n\n<p>El Gobierno mexicano ha enviado a cerca 15.000 agentes de la Guardia Nacional y del Ej\u00e9rcito a la zona fronteriza con Estados Unidos para controlar el paso de migrantes.<\/p>\n\n\n\n<p>Ayer se difundi\u00f3 en los medios de comunicaci\u00f3n la terrible fotograf\u00eda de un padre con su hija de un a\u00f1o y medio fallecidos ahogados cuando intentaron atravesar el r\u00edo Bravo para llegar a Estados Unidos.\n\n<\/p>\n","protected":false},"excerpt":{"rendered":"<p>El papa Francisco felicit\u00f3 hoy a los mexicanos por ser tan &#8220;acogedores&#8221; con los migrantes, durante el saludo a los fieles en espa\u00f1ol tras la audiencia general celebrada en la plaza de San Pedro. Como es habitual, Francisco salud\u00f3 a los grupos de fieles procedentes de Espa\u00f1a y Latinoam\u00e9rica y entre ellos al grupo de [&hellip;]<\/p>\n","protected":false},"author":1,"featured_media":6636,"comment_status":"open","ping_status":"open","sticky":true,"template":"","format":"standard","meta":{"footnotes":""},"categories":[4],"tags":[],"_links":{"self":[{"href":"https:\/\/diariodigitalmx.com\/index.php\/wp-json\/wp\/v2\/posts\/6634"}],"collection":[{"href":"https:\/\/diariodigitalmx.com\/index.php\/wp-json\/wp\/v2\/posts"}],"about":[{"href":"https:\/\/diariodigitalmx.com\/index.php\/wp-json\/wp\/v2\/types\/post"}],"author":[{"embeddable":true,"href":"https:\/\/diariodigitalmx.com\/index.php\/wp-json\/wp\/v2\/users\/1"}],"replies":[{"embeddable":true,"href":"https:\/\/diariodigitalmx.com\/index.php\/wp-json\/wp\/v2\/comments?post=6634"}],"version-history":[{"count":1,"href":"https:\/\/diariodigitalmx.com\/index.php\/wp-json\/wp\/v2\/posts\/6634\/revisions"}],"predecessor-version":[{"id":6635,"href":"https:\/\/diariodigitalmx.com\/index.php\/wp-json\/wp\/v2\/posts\/6634\/revisions\/6635"}],"wp:featuredmedia":[{"embeddable":true,"href":"https:\/\/diariodigitalmx.com\/index.php\/wp-json\/wp\/v2\/media\/6636"}],"wp:attachment":[{"href":"https:\/\/diariodigitalmx.com\/index.php\/wp-json\/wp\/v2\/media?parent=6634"}],"wp:term":[{"taxonomy":"category","embeddable":true,"href":"https:\/\/diariodigitalmx.com\/index.php\/wp-json\/wp\/v2\/categories?post=6634"},{"taxonomy":"post_tag","embeddable":true,"href":"https:\/\/diariodigitalmx.com\/index.php\/wp-json\/wp\/v2\/tags?post=6634"}],"curies":[{"name":"wp","href":"https:\/\/api.w.org\/{rel}","templated":true}]}}