{"id":66490,"date":"2021-11-17T19:11:14","date_gmt":"2021-11-18T01:11:14","guid":{"rendered":"http:\/\/diariodigitalmx.com\/?p=66490"},"modified":"2021-11-17T19:12:01","modified_gmt":"2021-11-18T01:12:01","slug":"mas-de-la-mitad-de-los-texano-estan-vacunados","status":"publish","type":"post","link":"https:\/\/diariodigitalmx.com\/index.php\/2021\/11\/17\/mas-de-la-mitad-de-los-texano-estan-vacunados\/","title":{"rendered":"M\u00e1s de la mitad de los texanos est\u00e1n vacunados"},"content":{"rendered":"\n<p><\/p>\n\n\n\n<p>Por Rogelio Romero<\/p>\n\n\n\n<p>Austin, Texas.- Por lo menos un 53.9 % de la poblaci\u00f3n de Texas ha sido completamente vacunada contra el Covid-19 mientras en promedio diariamente son inoculadas 36 mil&nbsp; personas, esto de acuerdo a los \u00faltimos datos arrojados por las autoridades de salud estatal.<\/p>\n\n\n\n<p>Los esfuerzos de vacunaci\u00f3n han continuado a&nbsp; lo largo del estado, pero en t\u00e9rminos generales se reportan una baja diaria en la aplicaci\u00f3n de dosis de 9214 personas, este registro viene d\u00e1ndose en los \u00faltimos 30 d\u00edas.<\/p>\n\n\n\n<p>De acuerdo&nbsp; a la informaci\u00f3n hasta el pasado 15 de noviembre hab\u00eda internados en los hospitales de la entidad s\u00f3lo 2741 pacientes por causa del virus.<\/p>\n\n\n\n<p>Por lo que respecta a las cifras de fallecimientos diarios para el 16 de noviembre esta fue de 89 decesos, un aumento de 18 fallecimientos m\u00e1s a comparaci\u00f3n del d\u00eda anterior.<\/p>\n\n\n\n<p>Desde que inici\u00f3 la pandemia del coronavirus en la entidad texana han fallecido por causa de la enfermedad casi 72 mil personas.<\/p>\n\n\n\n<p>La tercera ola de la enfermedad no ha tenido el mismo impacto como cuando se lleg\u00f3 al pico de la pandemia el a\u00f1o pasado y se podr\u00eda afirmar que el problema de salud ha aminorado.<\/p>\n\n\n\n<p>Las autoridades de salud tambi\u00e9n se\u00f1alaron que los datos disponibles para el 16 de noviembre se\u00f1alan que se registraron 3386 casos de coronavirus, adem\u00e1s de 915 probables nuevos casos.<\/p>\n\n\n\n<p>De acuerdo a la estad\u00edstica los casos en la \u00faltima semana han disminuido en alrededor de 110 contagios por d\u00eda, lo que indica como la poblaci\u00f3n vacunada est\u00e1 mejor protegida.&nbsp;<\/p>\n","protected":false},"excerpt":{"rendered":"<p>Por Rogelio Romero Austin, Texas.- Por lo menos un 53.9 % de la poblaci\u00f3n de Texas ha sido completamente vacunada contra el Covid-19 mientras en promedio diariamente son inoculadas 36 mil&nbsp; personas, esto de acuerdo a los \u00faltimos datos arrojados por las autoridades de salud estatal. Los esfuerzos de vacunaci\u00f3n han continuado a&nbsp; lo largo [&hellip;]<\/p>\n","protected":false},"author":1,"featured_media":66492,"comment_status":"open","ping_status":"open","sticky":true,"template":"","format":"standard","meta":{"footnotes":""},"categories":[4],"tags":[],"_links":{"self":[{"href":"https:\/\/diariodigitalmx.com\/index.php\/wp-json\/wp\/v2\/posts\/66490"}],"collection":[{"href":"https:\/\/diariodigitalmx.com\/index.php\/wp-json\/wp\/v2\/posts"}],"about":[{"href":"https:\/\/diariodigitalmx.com\/index.php\/wp-json\/wp\/v2\/types\/post"}],"author":[{"embeddable":true,"href":"https:\/\/diariodigitalmx.com\/index.php\/wp-json\/wp\/v2\/users\/1"}],"replies":[{"embeddable":true,"href":"https:\/\/diariodigitalmx.com\/index.php\/wp-json\/wp\/v2\/comments?post=66490"}],"version-history":[{"count":2,"href":"https:\/\/diariodigitalmx.com\/index.php\/wp-json\/wp\/v2\/posts\/66490\/revisions"}],"predecessor-version":[{"id":66493,"href":"https:\/\/diariodigitalmx.com\/index.php\/wp-json\/wp\/v2\/posts\/66490\/revisions\/66493"}],"wp:featuredmedia":[{"embeddable":true,"href":"https:\/\/diariodigitalmx.com\/index.php\/wp-json\/wp\/v2\/media\/66492"}],"wp:attachment":[{"href":"https:\/\/diariodigitalmx.com\/index.php\/wp-json\/wp\/v2\/media?parent=66490"}],"wp:term":[{"taxonomy":"category","embeddable":true,"href":"https:\/\/diariodigitalmx.com\/index.php\/wp-json\/wp\/v2\/categories?post=66490"},{"taxonomy":"post_tag","embeddable":true,"href":"https:\/\/diariodigitalmx.com\/index.php\/wp-json\/wp\/v2\/tags?post=66490"}],"curies":[{"name":"wp","href":"https:\/\/api.w.org\/{rel}","templated":true}]}}