{"id":66621,"date":"2021-11-18T22:47:46","date_gmt":"2021-11-19T04:47:46","guid":{"rendered":"http:\/\/diariodigitalmx.com\/?p=66621"},"modified":"2021-11-18T22:48:52","modified_gmt":"2021-11-19T04:48:52","slug":"tamaulipas-choque-de-trenes","status":"publish","type":"post","link":"https:\/\/diariodigitalmx.com\/index.php\/2021\/11\/18\/tamaulipas-choque-de-trenes\/","title":{"rendered":"Tamaulipas choque de trenes"},"content":{"rendered":"\n<p><\/p>\n\n\n\n<p>Por Rogelio Romero<\/p>\n\n\n\n<p>Mientras la dirigencia nacional morenista decide quienes ser\u00e1n los precandidatos a la gubernatura por Tamaulipas 2022,&nbsp; la guerra medi\u00e1tica contin\u00faa registr\u00e1ndose en la entidad.<\/p>\n\n\n\n<p>Casas encuestadoras, medios locales, grupos pol\u00edticos, columnistas, pol\u00edticos oportunistas y pitonisos despliegan su canto de sirenas alrededor de los dos aspirantes&nbsp; m\u00e1s fuertes; el senador Am\u00e9rico Villarreal Anaya y Rodolfo Gonz\u00e1lez Valderrama.<\/p>\n\n\n\n<p>Todos los d\u00edas la prensa tamaulipeca especula sobre las posibilidades reales de cada aspirante, pero en realidad cu\u00e1ntas veces hemos visto a las casas encuestadoras favorecer a un pol\u00edtico y despu\u00e9s resulta que en lo que llamamos \u201creal politiks\u201d o pol\u00edtica real, las cosas son muy distintas.<\/p>\n\n\n\n<p>Lo que le interesa realmente al electorado tamaulipeco es que el candidato marr\u00f3n que sea elegido aborde realmente los problemas que agobian a la regi\u00f3n, y que, se gane el voto popular a pulso, recorriendo la entidad conociendo al igual que AMLO, las carencias que siempre le ha manifestado el pueblo.<\/p>\n\n\n\n<p>Los tamaulipecos est\u00e1n hartos de la inseguridad p\u00fablica, de los malos manejos&nbsp; administrativos, de la ya tradicional incorporaci\u00f3n de familiares y parientes al gobierno en turno, pero sobre todo, de ese halo de corrupci\u00f3n que el estado ha padecido los \u00faltimos 4 mandatos estatales.<\/p>\n\n\n\n<p>Mario Delgado aprendi\u00f3 una lecci\u00f3n pol\u00edtica importante en la pasada elecci\u00f3n de Nuevo Le\u00f3n&nbsp; con Clara Luz Flores Carrales, quien era la puntera en las encuestas, y que por un error pol\u00edtico cl\u00e1sico de la \u201cguerra sucia\u201d en tiempo electorales, la transform\u00f3 en la gran perdedora.<\/p>\n\n\n\n<p>Qued\u00f3 demostrado que el apoyo pol\u00edtico del presidente de la Rep\u00fablica en turno no basta, que el candidato que es elegido tiene que ver todos los pros y contras, fortalecer sus alianzas locales con empresarios, sindicatos, organizaciones civiles con la militancia y simpatizantes. \u00bfQui\u00e9n de Am\u00e9rico o Rodolfo puede decir que podr\u00edan encabezar el voto popular en Tamaulipas? no las preferencias de una prensa desbocada acostumbrada a la famosa \u201ccargada\u201d priista.<\/p>\n\n\n\n<p>Mario Delgado no es s\u00f3lo Morena, hay 2 grupos pol\u00edticos nacionales de fuerte influencia hacia dentro del partido, el que encabeza su Secretaria General&nbsp; Citlalli Hern\u00e1ndez, y el tercero formado por la izquierda dura del partido, esa facci\u00f3n que le envi\u00f3 a Delgado un mensaje a trav\u00e9s de Paco Ignacio Taibo de que renunciara a la dirigencia del PMRN. La grilla pol\u00edtica de todos los partidos.<\/p>\n\n\n\n<p>Tres mujeres ser\u00e1n candidatas de Morena a diferentes gubernaturas del pa\u00eds en 2021, lo que marca una tendencia pol\u00edtica importante hacia la corriente nacional que encabeza Claudia Sheinbaum, pero en el caso de Tamaulipas, el choque de trenes ser\u00e1 finalmente entre Am\u00e9rico y Rodolfo, el que sea electo a trav\u00e9s de la encuesta tendr\u00e1 que pactar alianzas con otros grupos pol\u00edticos afines o no a sus aspiraciones, entre esto, en el incierto noreste de la frontera tamaulipeca concretamente en Reynosa y Matamoros. Al baile vamos\u2026..<\/p>\n","protected":false},"excerpt":{"rendered":"<p>Por Rogelio Romero Mientras la dirigencia nacional morenista decide quienes ser\u00e1n los precandidatos a la gubernatura por Tamaulipas 2022,&nbsp; la guerra medi\u00e1tica contin\u00faa registr\u00e1ndose en la entidad. Casas encuestadoras, medios locales, grupos pol\u00edticos, columnistas, pol\u00edticos oportunistas y pitonisos despliegan su canto de sirenas alrededor de los dos aspirantes&nbsp; m\u00e1s fuertes; el senador Am\u00e9rico Villarreal Anaya [&hellip;]<\/p>\n","protected":false},"author":1,"featured_media":66503,"comment_status":"open","ping_status":"open","sticky":true,"template":"","format":"standard","meta":{"footnotes":""},"categories":[14,19],"tags":[],"_links":{"self":[{"href":"https:\/\/diariodigitalmx.com\/index.php\/wp-json\/wp\/v2\/posts\/66621"}],"collection":[{"href":"https:\/\/diariodigitalmx.com\/index.php\/wp-json\/wp\/v2\/posts"}],"about":[{"href":"https:\/\/diariodigitalmx.com\/index.php\/wp-json\/wp\/v2\/types\/post"}],"author":[{"embeddable":true,"href":"https:\/\/diariodigitalmx.com\/index.php\/wp-json\/wp\/v2\/users\/1"}],"replies":[{"embeddable":true,"href":"https:\/\/diariodigitalmx.com\/index.php\/wp-json\/wp\/v2\/comments?post=66621"}],"version-history":[{"count":1,"href":"https:\/\/diariodigitalmx.com\/index.php\/wp-json\/wp\/v2\/posts\/66621\/revisions"}],"predecessor-version":[{"id":66622,"href":"https:\/\/diariodigitalmx.com\/index.php\/wp-json\/wp\/v2\/posts\/66621\/revisions\/66622"}],"wp:featuredmedia":[{"embeddable":true,"href":"https:\/\/diariodigitalmx.com\/index.php\/wp-json\/wp\/v2\/media\/66503"}],"wp:attachment":[{"href":"https:\/\/diariodigitalmx.com\/index.php\/wp-json\/wp\/v2\/media?parent=66621"}],"wp:term":[{"taxonomy":"category","embeddable":true,"href":"https:\/\/diariodigitalmx.com\/index.php\/wp-json\/wp\/v2\/categories?post=66621"},{"taxonomy":"post_tag","embeddable":true,"href":"https:\/\/diariodigitalmx.com\/index.php\/wp-json\/wp\/v2\/tags?post=66621"}],"curies":[{"name":"wp","href":"https:\/\/api.w.org\/{rel}","templated":true}]}}