{"id":6665,"date":"2019-06-26T18:42:36","date_gmt":"2019-06-26T23:42:36","guid":{"rendered":"http:\/\/diariodigitalmx.com\/?p=6665"},"modified":"2019-10-18T17:45:46","modified_gmt":"2019-10-18T22:45:46","slug":"politica-y-gente-19","status":"publish","type":"post","link":"https:\/\/diariodigitalmx.com\/index.php\/2019\/06\/26\/politica-y-gente-19\/","title":{"rendered":"Pol\u00edtica y Gente"},"content":{"rendered":"\n<p>Por Pedro Garc\u00eda<\/p>\n\n\n\n<p>El presidente L\u00f3pez Obrador, dice el senador coordinador de Morena, Ricardo Monreal, ejerce su administraci\u00f3n en completo abandono de los miembros de su gabinete.<\/p>\n\n\n\n<p>A contrapunto, el mandatario no solo no se siente desairado por sus subordinados toda vez del optimismo con que celebrar\u00e1 el primer aniversario de su victoria electoral, 1 de julio de 2018, y el que amenizar\u00e1 \u201ccon baliongo\u201d.<\/p>\n\n\n\n<p>En el fondo, la declaraci\u00f3n de Monreal estuvo motivada por los reveses noticiosos padecidos por el Presidente en la semana pasada en materia de crecimiento econ\u00f3mico, homicidios dolosos, ca\u00edda en la generaci\u00f3n de empleo, los apagones en el estado de Yucat\u00e1n, los conflictos jur\u00eddicos en temas como el aeropuerto Santa Luc\u00eda.<\/p>\n\n\n\n<p>Tiene el grado de especial y muy relevante el in\u00e9dito contrapunto que se tuve (y se tiene) con el gobierno de los Estados Unidos en el tema de la oleada de migrantes, cuya negociaci\u00f3n provoc\u00f3 un problema de imagen al Presidente L\u00f3pez Obrador quien recibe cr\u00edticas por haberse \u201csubordinado\u201d ante Donald Trump, lo cual niega, cada vez que es cuestionado en las conferencias matutinas en Palacio Nacional.<\/p>\n\n\n\n<p>Es decir, el senador Monreal se avent\u00f3 una puntada al viejo estilo del quehacer pol\u00edtico responsabilizando al todo el gabinete (no hizo excepciones) de las ineficiencias o errores del gobierno de Andr\u00e9s Manuel L\u00f3pez Obrador. Monreal pretendi\u00f3 desviar, sin \u00e9xito, la atenci\u00f3n hacia los integrantes del gabinete presidencial ya que casi a diario surgen noticias negativas de la gesti\u00f3n presidencial, relacionadas con el baj\u00f3n presupuestal que ha afectado a pr\u00e1cticamente toda la administraci\u00f3n federal.<\/p>\n\n\n\n<p>Aparentemente, al jefe de la Naci\u00f3n no le han salido las cuentas para el cumplimiento de sus promesas, especialmente la cobertura de las subvenciones a los adultos mayores, por ejemplo.<\/p>\n\n\n\n<p>Da la impresi\u00f3n que al Presidente no le cuadran las sumas y restas del gasto toda vez de las quejas que hay distintos sectores del gobierno de la Rep\u00fablica en donde sigue a todo galope el corcel negro de los despidos de bur\u00f3cratas que jam\u00e1s imaginaron que un Presidente llegado con amplias simpat\u00edas significara, para ellos, la debacle de quedarse sin trabajo.<\/p>\n\n\n\n<p>En torno al gobierno de AMLO se advierte un panorama de escasez de recursos derivado de un mal c\u00e1lculo en donde vale la pena recordar que el entonces candidato electo repet\u00eda y repet\u00eda que con el freno a la corrupci\u00f3n habr\u00eda un techo financiero de 500 mil millones de pesos, suficiente para cubrir los compromisos de campa\u00f1a, y parece que no ha sido as\u00ed.<\/p>\n\n\n\n<p>Cuesti\u00f3n de recordar tambi\u00e9n el buscapi\u00e9s fiscal lanzado por Alfonso Ram\u00edrez Cu\u00e9llar, presidente de la Comisi\u00f3n de Presupuesto en la C\u00e1mara de Diputados de la necesidad de reimplantar la Tenencia vehicular para conseguir m\u00e1s recaudaci\u00f3n, lo cual rechaz\u00f3 el jefe de la Naci\u00f3n.<\/p>\n\n\n\n<p>Todav\u00eda falta atestiguar el acto del 1 de julio donde es de esperarse que sea un mensaje de desmentidos a todas las noticias relacionadas con su administraci\u00f3n en los primeros siete meses de bajo crecimiento econ\u00f3mico, baja producci\u00f3n petrolera, desempleo, entre otras variables fundamentales. \u201cYo tengo otros datos\u201d.<\/p>\n","protected":false},"excerpt":{"rendered":"<p>Por Pedro Garc\u00eda El presidente L\u00f3pez Obrador, dice el senador coordinador de Morena, Ricardo Monreal, ejerce su administraci\u00f3n en completo abandono de los miembros de su gabinete. A contrapunto, el mandatario no solo no se siente desairado por sus subordinados toda vez del optimismo con que celebrar\u00e1 el primer aniversario de su victoria electoral, 1 [&hellip;]<\/p>\n","protected":false},"author":1,"featured_media":4748,"comment_status":"open","ping_status":"open","sticky":true,"template":"","format":"standard","meta":{"footnotes":""},"categories":[10],"tags":[],"_links":{"self":[{"href":"https:\/\/diariodigitalmx.com\/index.php\/wp-json\/wp\/v2\/posts\/6665"}],"collection":[{"href":"https:\/\/diariodigitalmx.com\/index.php\/wp-json\/wp\/v2\/posts"}],"about":[{"href":"https:\/\/diariodigitalmx.com\/index.php\/wp-json\/wp\/v2\/types\/post"}],"author":[{"embeddable":true,"href":"https:\/\/diariodigitalmx.com\/index.php\/wp-json\/wp\/v2\/users\/1"}],"replies":[{"embeddable":true,"href":"https:\/\/diariodigitalmx.com\/index.php\/wp-json\/wp\/v2\/comments?post=6665"}],"version-history":[{"count":1,"href":"https:\/\/diariodigitalmx.com\/index.php\/wp-json\/wp\/v2\/posts\/6665\/revisions"}],"predecessor-version":[{"id":6666,"href":"https:\/\/diariodigitalmx.com\/index.php\/wp-json\/wp\/v2\/posts\/6665\/revisions\/6666"}],"wp:featuredmedia":[{"embeddable":true,"href":"https:\/\/diariodigitalmx.com\/index.php\/wp-json\/wp\/v2\/media\/4748"}],"wp:attachment":[{"href":"https:\/\/diariodigitalmx.com\/index.php\/wp-json\/wp\/v2\/media?parent=6665"}],"wp:term":[{"taxonomy":"category","embeddable":true,"href":"https:\/\/diariodigitalmx.com\/index.php\/wp-json\/wp\/v2\/categories?post=6665"},{"taxonomy":"post_tag","embeddable":true,"href":"https:\/\/diariodigitalmx.com\/index.php\/wp-json\/wp\/v2\/tags?post=6665"}],"curies":[{"name":"wp","href":"https:\/\/api.w.org\/{rel}","templated":true}]}}